{"id":33024,"date":"2025-06-04T14:16:29","date_gmt":"2025-06-04T11:16:29","guid":{"rendered":"https:\/\/www.egemtv.com\/?p=33024"},"modified":"2025-06-04T14:16:34","modified_gmt":"2025-06-04T11:16:34","slug":"ivan-mance-seneye-daha-iyi-olacagiz-hedeflerimize-ulasmaya-calisacagiz","status":"publish","type":"post","link":"https:\/\/www.egemtv.com\/?p=33024","title":{"rendered":"Ivan Mance: &#8220;Seneye daha iyi olaca\u011f\u0131z, hedeflerimize ula\u015fmaya \u00e7al\u0131\u015faca\u011f\u0131z&#8221;"},"content":{"rendered":"<p>G\u00f6ztepe Sportif Direkt\u00f6r\u00fc Ivan Mance, gelecek sezon daha iyi olacaklar\u0131n\u0131 ve hedeflerine ula\u015fmaya \u00e7al\u0131\u015facaklar\u0131n\u0131 s\u00f6yledi.<br \/>\n<br \/>G\u00f6ztepe Sportif Direkt\u00f6r\u00fc Ivan Mance, G\u00fcrsel Aksel Stadyumu\u2019nda bas\u0131n mensuplar\u0131yla bir araya geldi. Hem sezonu de\u011ferlendiren hem de oyuncular\u0131n durumuyla alakal\u0131 a\u00e7\u0131klamalarda bulunan Mance, kendileri ad\u0131na iyi bir sezon ge\u00e7irdiklerini fakat gelecek sezon daha iyi olmak i\u00e7in \u00e7al\u0131\u015facaklar\u0131n\u0131 ifade etti. Kendisi i\u00e7in en \u00f6nemli an\u0131 da belirten Mance, &#8220;Favori an olarak S\u00fcper Lig\u2019e \u00e7\u0131k\u0131\u015f\u0131m\u0131z ya da kupada yar\u0131 final say\u0131l\u0131yor ama benim i\u00e7in en \u00f6nemli an 11 ma\u00e7 kazanamad\u0131\u011f\u0131m\u0131z s\u00fcre\u00e7te taraftar\u0131m\u0131z bizi inan\u0131lmaz bir \u015fekilde desteklemesi oldu. \u0130\u015fte bu benim i\u00e7in inan\u0131lmaz bir s\u00fcre\u00e7ti. Taraftarlar\u0131m\u0131z hepimizin arkas\u0131nda durdu, bizi inan\u0131lmaz \u015fekilde motive etti. Oyuncular\u0131 ve bizleri lig i\u00e7in hep desteklediler, moral verdiler. Ge\u00e7en sene ger\u00e7ekten \u00f6nemli anlar ve mutlu zamanlarda oldu, tabii stresli b\u00f6l\u00fcmler de vard\u0131. Genele bakt\u0131\u011f\u0131m\u0131zda herkes iyi bir i\u015f \u00e7\u0131kard\u0131. Bizlere son d\u00f6nemlerin en iyi sezonu oldu\u011funu belirttiler. Kupada yar\u0131 final var, ligde iyi bir pozisyon var. Seneye daha iyi olaca\u011f\u0131z, hedeflerimize ula\u015fmaya \u00e7al\u0131\u015faca\u011f\u0131z&#8221; dedi.<\/p>\n<p>&#8220;\u0130ki kalecimizle ilgili karar\u0131 \u00f6n\u00fcm\u00fczdeki g\u00fcnlerde verece\u011fiz&#8221;<br \/>\n<br \/>Lis ve Arda\u2019n\u0131n durumu hakk\u0131nda a\u00e7\u0131klamalarda bulunan Mance, &#8220;Lis bir d\u00f6nem \u00f6nce a\u00e7\u0131k ara ligin en iyi kalecisiydi. Rekorlar k\u0131rd\u0131, muhte\u015fem bir performans g\u00f6sterdi. Bu sezon kalecilerimiz bekleneni veremedi. \u00c7ok fazla hata yapt\u0131klar\u0131 i\u00e7in de\u011fil asl\u0131nda ama \u00e7ok daha iyi kaleciler bunu biliyorum. Daha iyi \u015feyler yapabilirler. Biz hocam\u0131zla ve ba\u015fkan\u0131m\u0131zla bu konuyu konu\u015fuyoruz. Yine toplant\u0131lar ger\u00e7ekle\u015ftirece\u011fiz. Bu konuda reaksiyon g\u00f6sterecek miyiz ya da kalecilerimize \u015fans verecek miyiz g\u00f6rece\u011fiz. Kalecilerimiz ger\u00e7ekten iyiler. Arda b\u00fcy\u00fck yetenek, ileride T\u00fcrkiye i\u00e7in \u00f6nemli yerlere gelecek. Lis de iyi bir kaleci, teklifler de al\u0131yor ama bu sezon onun iyi i\u00e7in bir sezon de\u011fildi. Yeni sezonda onlarla m\u0131 devam edece\u011fiz yoksa ba\u015fka bir y\u00f6ne mi y\u00f6nlenece\u011fiz \u00f6n\u00fcm\u00fczdeki g\u00fcnlerde karar verece\u011fiz&#8221; \u015feklinde konu\u015ftu.<\/p>\n<p>&#8220;Solet\u2019in opsiyonunu kullanmad\u0131k&#8221;<br \/>\n<br \/>Ivan Mance, Isaac Solet\u2019in opsiyonunu kullanmad\u0131klar\u0131n\u0131 ifade ederek, &#8220;Ancak Solet konusunda bir ad\u0131m ataca\u011f\u0131z, bunun yolunu d\u00fc\u015f\u00fcn\u00fcyoruz. Kendisi \u00f6nemli ve karma\u015f\u0131k bir sakatl\u0131k ge\u00e7irdi. \u015eu anda tedavi s\u00fcreci iyi gidiyor ama bizim \u00f6ncelikle kendi organizasyonumuza odaklanmam\u0131z gerekiyor. Yabanc\u0131 say\u0131m\u0131z\u0131 da d\u00fc\u015f\u00fcnmemiz laz\u0131m. Kendisinin farkl\u0131 modellerle tekrar ileride G\u00f6ztepe formas\u0131yla oynayabilir mi buna bakaca\u011f\u0131z. Ne kadar s\u00fcrede bu sakatl\u0131ktan d\u00f6nebilir bu \u00e7ok \u00f6nemli. Kendisi de bu konuyla ilgili dikkatli olmal\u0131 erken d\u00f6nmemeli&#8221; de\u011ferlendirmesinde bulundu.<\/p>\n<p>&#8220;Daha ba\u015far\u0131l\u0131 olmak istiyoruz&#8221;<br \/>\n<br \/>Tak\u0131mda gidecek ve kalacak oyuncular\u0131n oldu\u011funu s\u00f6yleyen Mance, &#8220;Ben gidecek oyuncularla ilgili de bireysel olarak kendilerini bilgilendirece\u011fim. Futbolda bazen iyi insanlar\u0131 da kaybetmek zorunda kal\u0131rs\u0131n\u0131z. Tabii ki giden, kalan oyuncular\u0131m\u0131z olacak. Ayn\u0131 zamanda baz\u0131 oyuncular\u0131m\u0131z\u0131n transferleri de ger\u00e7ekle\u015fecek. Bu futbolcular\u0131m\u0131z kul\u00fcb\u00fcm\u00fczde ge\u00e7irdikleri ba\u015far\u0131l\u0131 sezonlar\u0131n\u0131n bir \u00f6d\u00fcl\u00fc gibi olacak. Stratejik olarak biz 1-2 oyuncumuzu sataca\u011f\u0131z. Daha fazlas\u0131n\u0131 satmayaca\u011f\u0131z. \u00c7\u00fcnk\u00fc \u015fu anda daha ba\u015far\u0131l\u0131 olmak istiyoruz. Daha ileri hedeflere varmak istiyoruz&#8221; dedi.<\/p>\n<p>&#8220;Brezilya pazar\u0131 \u00e7ok b\u00fcy\u00fck&#8221;<br \/>\n<br \/>Brezilya\u2019daki transfer pazar\u0131n\u0131n \u00e7ok b\u00fcy\u00fck oldu\u011funu aktaran Ivan Mance, &#8220;Medyada yaz\u0131lan isimler var. Ben bunlar\u0131 takip etmiyorum. Her g\u00fcn yeni isimler g\u00fcndeme gelebiliyor. Brezilyal\u0131 pazar\u0131 \u00e7ok b\u00fcy\u00fck ve geni\u015f bir pazar. Biz bu oyuncularla \u00e7al\u0131\u015fmas\u0131n\u0131 \u00e7ok iyi biliyoruz. Onlar\u0131n tak\u0131ma nas\u0131l katk\u0131 verece\u011fini \u00e7ok iyi biliyoruz. Bug\u00fcne kadar Brezilya\u2019dan \u00e7ok transferler yapt\u0131k. Yine Brezilya\u2019dan transferler yapaca\u011f\u0131z, imzalar ataca\u011f\u0131z. Ancak resmi bir durum olmad\u0131\u011f\u0131 i\u00e7in isim veremeyece\u011fim&#8221; diye konu\u015ftu.<br \/><\/p>\n","protected":false},"excerpt":{"rendered":"<p>G\u00f6ztepe Sportif Direkt\u00f6r\u00fc Ivan Mance, gelecek sezon daha iyi olacaklar\u0131n\u0131 ve hedeflerine ula\u015fmaya \u00e7al\u0131\u015facaklar\u0131n\u0131 s\u00f6yledi. G\u00f6ztepe Sportif Direkt\u00f6r\u00fc Ivan Mance, G\u00fcrsel Aksel Stadyumu\u2019nda bas\u0131n mensuplar\u0131yla bir araya geldi. Hem sezonu de\u011ferlendiren hem de oyuncular\u0131n durumuyla alakal\u0131 a\u00e7\u0131klamalarda bulunan Mance, kendileri ad\u0131na iyi bir sezon ge\u00e7irdiklerini fakat gelecek sezon daha iyi olmak i\u00e7in \u00e7al\u0131\u015facaklar\u0131n\u0131 ifade etti&#8230;.<\/p>\n","protected":false},"author":1,"featured_media":33025,"comment_status":"open","ping_status":"open","sticky":false,"template":"","format":"standard","meta":{"_crdt_document":"","footnotes":""},"categories":[4],"tags":[],"class_list":["post-33024","post","type-post","status-publish","format-standard","has-post-thumbnail","hentry","category-spor"],"_links":{"self":[{"href":"https:\/\/www.egemtv.com\/index.php?rest_route=\/wp\/v2\/posts\/33024","targetHints":{"allow":["GET"]}}],"collection":[{"href":"https:\/\/www.egemtv.com\/index.php?rest_route=\/wp\/v2\/posts"}],"about":[{"href":"https:\/\/www.egemtv.com\/index.php?rest_route=\/wp\/v2\/types\/post"}],"author":[{"embeddable":true,"href":"https:\/\/www.egemtv.com\/index.php?rest_route=\/wp\/v2\/users\/1"}],"replies":[{"embeddable":true,"href":"https:\/\/www.egemtv.com\/index.php?rest_route=%2Fwp%2Fv2%2Fcomments&post=33024"}],"version-history":[{"count":1,"href":"https:\/\/www.egemtv.com\/index.php?rest_route=\/wp\/v2\/posts\/33024\/revisions"}],"predecessor-version":[{"id":33026,"href":"https:\/\/www.egemtv.com\/index.php?rest_route=\/wp\/v2\/posts\/33024\/revisions\/33026"}],"wp:featuredmedia":[{"embeddable":true,"href":"https:\/\/www.egemtv.com\/index.php?rest_route=\/wp\/v2\/media\/33025"}],"wp:attachment":[{"href":"https:\/\/www.egemtv.com\/index.php?rest_route=%2Fwp%2Fv2%2Fmedia&parent=33024"}],"wp:term":[{"taxonomy":"category","embeddable":true,"href":"https:\/\/www.egemtv.com\/index.php?rest_route=%2Fwp%2Fv2%2Fcategories&post=33024"},{"taxonomy":"post_tag","embeddable":true,"href":"https:\/\/www.egemtv.com\/index.php?rest_route=%2Fwp%2Fv2%2Ftags&post=33024"}],"curies":[{"name":"wp","href":"https:\/\/api.w.org\/{rel}","templated":true}]}}