{"id":33021,"date":"2025-06-04T13:56:44","date_gmt":"2025-06-04T10:56:44","guid":{"rendered":"https:\/\/www.egemtv.com\/?p=33021"},"modified":"2025-06-04T13:56:49","modified_gmt":"2025-06-04T10:56:49","slug":"demircili-kadinlarin-topladigi-papatyalar-kurutularak-satiliyor","status":"publish","type":"post","link":"https:\/\/www.egemtv.com\/?p=33021","title":{"rendered":"Demircili kad\u0131nlar\u0131n toplad\u0131\u011f\u0131 papatyalar kurutularak sat\u0131l\u0131yor"},"content":{"rendered":"<p>Manisa\u2019n\u0131n Demirci il\u00e7esinin tertemiz do\u011fas\u0131nda yeti\u015fen k\u0131r papatyalar\u0131 kad\u0131nlar taraf\u0131ndan toplanarak kurutulduktan sonra sat\u0131l\u0131yor. \u00d6zellikle ila\u00e7 ve kozmetik sanayisinde kullan\u0131lan papatyalar il\u00e7e kad\u0131nlar\u0131na gelir kap\u0131s\u0131 sa\u011fl\u0131yor.<br \/>\n<br \/>Manisa\u2019n\u0131n Demirci il\u00e7esinde \u00f6zellikle bahar aylar\u0131nda a\u00e7an papatyalar y\u00f6rede ya\u015fayan kad\u0131nlar taraf\u0131nda her y\u0131l toplan\u0131yor. \u0130l\u00e7e\u2019ye ba\u011fl\u0131 Elek, Yava\u015flar, K\u0131\u015flak, Kuzeyir, Yarbasan, K\u0131lavuzlar ve Ye\u015fildere mahallelerinde kad\u0131nlar sabah\u0131n erken saatlerinde yaylalara \u00e7\u0131karak papatya hasad\u0131 yap\u0131yorlar. Elek mahallesinde de kad\u0131nlar mahalle muhtar\u0131n\u0131n trakt\u00f6r\u00fc ile k\u0131r papatyalar\u0131n\u0131 toplamaya y\u00f6resel t\u00fcrk\u00fcleri seslendirerek gidiyorlar. May\u0131s ay\u0131 sonunda a\u00e7maya ba\u015flayan k\u0131r papatyalar\u0131n\u0131n hasad\u0131 haziran ay\u0131 sonuna kadar devam ediyor.<br \/>\n<br \/>\u00d6\u011fle saatlerine kadar papatyalar\u0131 toplayan kad\u0131nlar evlerinin balkonlar\u0131na kurumas\u0131 i\u00e7in g\u00fcne\u015fe seriyorlar.<br \/>\n<br \/>Kurutulan papatyalar me\u015frubatta ve ila\u00e7 sanayisinde kullan\u0131lmak \u00fczere il\u00e7eye gelen t\u00fcccarlara kilogram\u0131 260 liradan sat\u0131l\u0131yor.<br \/>\n<br \/>Elek Mahallesi sakinlerinden Rukiye Kire\u015f\u00e7i yapt\u0131\u011f\u0131 a\u00e7\u0131klamada &#8221; May\u0131s ay\u0131nda papatya topluyor. \u0130htiyac\u0131m\u0131z kadar\u0131n\u0131 \u00e7ay\u0131n\u0131 yapmak \u00fczere ay\u0131r\u0131r\u0131z. Kalan\u0131n\u0131 kurutup satar\u0131z. Papatyalar\u0131 ba\u015flar\u0131ndan kopar\u0131p g\u00f6vdesini b\u0131rak\u0131r\u0131z ki seneye daha \u00e7ok olsun diye. Mahallemizdeki kad\u0131nlarla birlikte geliriz. Y\u0131lda 5 kiloya yak\u0131n toplay\u0131p sat\u0131yorum. Ge\u00e7en y\u0131l kilosu 100 lirayd\u0131, bu y\u0131l ise 260 liradan sat\u0131l\u0131yor&#8221; dedi.<br \/><\/p>\n","protected":false},"excerpt":{"rendered":"<p>Manisa\u2019n\u0131n Demirci il\u00e7esinin tertemiz do\u011fas\u0131nda yeti\u015fen k\u0131r papatyalar\u0131 kad\u0131nlar taraf\u0131ndan toplanarak kurutulduktan sonra sat\u0131l\u0131yor. \u00d6zellikle ila\u00e7 ve kozmetik sanayisinde kullan\u0131lan papatyalar il\u00e7e kad\u0131nlar\u0131na gelir kap\u0131s\u0131 sa\u011fl\u0131yor. Manisa\u2019n\u0131n Demirci il\u00e7esinde \u00f6zellikle bahar aylar\u0131nda a\u00e7an papatyalar y\u00f6rede ya\u015fayan kad\u0131nlar taraf\u0131nda her y\u0131l toplan\u0131yor. \u0130l\u00e7e\u2019ye ba\u011fl\u0131 Elek, Yava\u015flar, K\u0131\u015flak, Kuzeyir, Yarbasan, K\u0131lavuzlar ve Ye\u015fildere mahallelerinde kad\u0131nlar sabah\u0131n erken&#8230;<\/p>\n","protected":false},"author":1,"featured_media":33022,"comment_status":"open","ping_status":"open","sticky":false,"template":"","format":"standard","meta":{"_crdt_document":"","footnotes":""},"categories":[123],"tags":[],"class_list":["post-33021","post","type-post","status-publish","format-standard","has-post-thumbnail","hentry","category-gundem"],"_links":{"self":[{"href":"https:\/\/www.egemtv.com\/index.php?rest_route=\/wp\/v2\/posts\/33021","targetHints":{"allow":["GET"]}}],"collection":[{"href":"https:\/\/www.egemtv.com\/index.php?rest_route=\/wp\/v2\/posts"}],"about":[{"href":"https:\/\/www.egemtv.com\/index.php?rest_route=\/wp\/v2\/types\/post"}],"author":[{"embeddable":true,"href":"https:\/\/www.egemtv.com\/index.php?rest_route=\/wp\/v2\/users\/1"}],"replies":[{"embeddable":true,"href":"https:\/\/www.egemtv.com\/index.php?rest_route=%2Fwp%2Fv2%2Fcomments&post=33021"}],"version-history":[{"count":1,"href":"https:\/\/www.egemtv.com\/index.php?rest_route=\/wp\/v2\/posts\/33021\/revisions"}],"predecessor-version":[{"id":33023,"href":"https:\/\/www.egemtv.com\/index.php?rest_route=\/wp\/v2\/posts\/33021\/revisions\/33023"}],"wp:featuredmedia":[{"embeddable":true,"href":"https:\/\/www.egemtv.com\/index.php?rest_route=\/wp\/v2\/media\/33022"}],"wp:attachment":[{"href":"https:\/\/www.egemtv.com\/index.php?rest_route=%2Fwp%2Fv2%2Fmedia&parent=33021"}],"wp:term":[{"taxonomy":"category","embeddable":true,"href":"https:\/\/www.egemtv.com\/index.php?rest_route=%2Fwp%2Fv2%2Fcategories&post=33021"},{"taxonomy":"post_tag","embeddable":true,"href":"https:\/\/www.egemtv.com\/index.php?rest_route=%2Fwp%2Fv2%2Ftags&post=33021"}],"curies":[{"name":"wp","href":"https:\/\/api.w.org\/{rel}","templated":true}]}}