{"id":33018,"date":"2025-06-04T13:36:50","date_gmt":"2025-06-04T10:36:50","guid":{"rendered":"https:\/\/www.egemtv.com\/?p=33018"},"modified":"2025-06-04T13:36:54","modified_gmt":"2025-06-04T10:36:54","slug":"sehit-emanetleri-lunaparkta-bayram-coskusu-yasadi","status":"publish","type":"post","link":"https:\/\/www.egemtv.com\/?p=33018","title":{"rendered":"\u015eehit emanetleri lunaparkta bayram co\u015fkusu ya\u015fad\u0131"},"content":{"rendered":"<p>Manisa\u2019n\u0131n Turgutlu il\u00e7esinde Kurban Bayram\u0131 \u00f6ncesinde \u015fehit ve gazi \u00e7ocuklar\u0131, aileleriyle birlikte lunaparkta g\u00f6n\u00fcllerince e\u011flendi. Tamamen \u00fccretsiz ger\u00e7ekle\u015ftirilen etkinlikte \u00e7ocuklar\u0131n mutlulu\u011fu y\u00fczlerine yans\u0131rken, T\u00fcrkiye Harp Malul\u00fc Gaziler \u015eehit Dul ve Yetimleri Derne\u011fi Manisa \u015eube Ba\u015fkan\u0131 Gazi Yusuf K\u0131y\u0131\u015fkan, &#8220;\u015eehitlerimizin ve gazilerimizin aileleri, milletimizin vicdan\u0131, onuru ve \u00f6z\u00fcd\u00fcr. Sa\u011flanan her imkan, ge\u00e7mi\u015fe sayg\u0131n\u0131n ve gelece\u011fe umutla bakman\u0131n g\u00f6stergesidir.&#8221; dedi.<br \/>\n<br \/>Lunapark \u0130\u015fletmecisi Ferzande Sayan\u2019\u0131n t\u00fcm lunapark hizmetlerini \u00fccretsiz olarak sa\u011flamas\u0131yla \u015fehit ve gazi \u00e7ocuklar\u0131 ile aileler bayram \u00f6ncesi mutlulu\u011fu doyas\u0131ya ya\u015fad\u0131. Turgutlu\u2019daki etkinlikte, \u00e7ocuklar\u0131n mutlulu\u011fu g\u00f6zlerine yans\u0131d\u0131.<br \/>\n<br \/>T\u00fcrkiye Harp Malul\u00fc Gaziler \u015eehit Dul ve Yetimleri Derne\u011fi Manisa \u015eube Ba\u015fkan\u0131 Gazi Yusuf K\u0131y\u0131\u015fkan, etkinlikle ilgili yapt\u0131\u011f\u0131 a\u00e7\u0131klamada, \u015fehit ve gazi ailelerine verilen her deste\u011fin sadece bir yard\u0131m de\u011fil, ayn\u0131 zamanda bir vefa borcu ve toplumsal sorumluluk oldu\u011funu ifade etti. K\u0131y\u0131\u015fkan, &#8220;\u015eehitlerimizin ve gazilerimizin aileleri, milletimizin vicdan\u0131, onuru ve \u00f6z\u00fcd\u00fcr. Sa\u011flanan her imkan, ge\u00e7mi\u015fe sayg\u0131n\u0131n ve gelece\u011fe umutla bakman\u0131n g\u00f6stergesidir.&#8221; dedi.<br \/>\n<br \/>Ba\u015fkan K\u0131y\u0131\u015fkan, etkinli\u011fin organizasyonunda eme\u011fi ge\u00e7en ve gayretiyle \u00f6rnek bir dayan\u0131\u015fma sergileyen Ahmet \u0130lter\u2019e ve ASEL Lunapark \u0130\u015fletmecisi Ferzande Sayan\u2019a te\u015fekk\u00fcrlerini iletti.<br \/>\n<br \/>T\u00fcrkiye Harp Malul\u00fc Gaziler \u015eehit Dul ve Yetimleri Derne\u011fi taraf\u0131ndan yap\u0131lan \u00e7a\u011fr\u0131da, bayramda \u015fehit mezarlar\u0131n\u0131n ziyaret edilmesi ve \u00f6zellikle kimsesi kalmayan \u015fehitlerin mezarlar\u0131na sahip \u00e7\u0131k\u0131lmas\u0131 istendi. &#8220;\u015eehit emaneti tebess\u00fcm ederse, vatan \u0131\u015f\u0131ldar. Ve o \u0131\u015f\u0131k, hepimizin yolunu ayd\u0131nlat\u0131r&#8221; diyen Gazi Yusuf K\u0131y\u0131\u015fkan, ba\u015fta \u015fehit ve gazi aileleri olmak \u00fczere t\u00fcm milletin Kurban Bayram\u0131\u2019n\u0131 kutlad\u0131.<br \/><\/p>\n","protected":false},"excerpt":{"rendered":"<p>Manisa\u2019n\u0131n Turgutlu il\u00e7esinde Kurban Bayram\u0131 \u00f6ncesinde \u015fehit ve gazi \u00e7ocuklar\u0131, aileleriyle birlikte lunaparkta g\u00f6n\u00fcllerince e\u011flendi. Tamamen \u00fccretsiz ger\u00e7ekle\u015ftirilen etkinlikte \u00e7ocuklar\u0131n mutlulu\u011fu y\u00fczlerine yans\u0131rken, T\u00fcrkiye Harp Malul\u00fc Gaziler \u015eehit Dul ve Yetimleri Derne\u011fi Manisa \u015eube Ba\u015fkan\u0131 Gazi Yusuf K\u0131y\u0131\u015fkan, &#8220;\u015eehitlerimizin ve gazilerimizin aileleri, milletimizin vicdan\u0131, onuru ve \u00f6z\u00fcd\u00fcr. Sa\u011flanan her imkan, ge\u00e7mi\u015fe sayg\u0131n\u0131n ve gelece\u011fe umutla&#8230;<\/p>\n","protected":false},"author":1,"featured_media":33019,"comment_status":"open","ping_status":"open","sticky":false,"template":"","format":"standard","meta":{"_crdt_document":"","footnotes":""},"categories":[123],"tags":[],"class_list":["post-33018","post","type-post","status-publish","format-standard","has-post-thumbnail","hentry","category-gundem"],"_links":{"self":[{"href":"https:\/\/www.egemtv.com\/index.php?rest_route=\/wp\/v2\/posts\/33018","targetHints":{"allow":["GET"]}}],"collection":[{"href":"https:\/\/www.egemtv.com\/index.php?rest_route=\/wp\/v2\/posts"}],"about":[{"href":"https:\/\/www.egemtv.com\/index.php?rest_route=\/wp\/v2\/types\/post"}],"author":[{"embeddable":true,"href":"https:\/\/www.egemtv.com\/index.php?rest_route=\/wp\/v2\/users\/1"}],"replies":[{"embeddable":true,"href":"https:\/\/www.egemtv.com\/index.php?rest_route=%2Fwp%2Fv2%2Fcomments&post=33018"}],"version-history":[{"count":1,"href":"https:\/\/www.egemtv.com\/index.php?rest_route=\/wp\/v2\/posts\/33018\/revisions"}],"predecessor-version":[{"id":33020,"href":"https:\/\/www.egemtv.com\/index.php?rest_route=\/wp\/v2\/posts\/33018\/revisions\/33020"}],"wp:featuredmedia":[{"embeddable":true,"href":"https:\/\/www.egemtv.com\/index.php?rest_route=\/wp\/v2\/media\/33019"}],"wp:attachment":[{"href":"https:\/\/www.egemtv.com\/index.php?rest_route=%2Fwp%2Fv2%2Fmedia&parent=33018"}],"wp:term":[{"taxonomy":"category","embeddable":true,"href":"https:\/\/www.egemtv.com\/index.php?rest_route=%2Fwp%2Fv2%2Fcategories&post=33018"},{"taxonomy":"post_tag","embeddable":true,"href":"https:\/\/www.egemtv.com\/index.php?rest_route=%2Fwp%2Fv2%2Ftags&post=33018"}],"curies":[{"name":"wp","href":"https:\/\/api.w.org\/{rel}","templated":true}]}}