{"id":33015,"date":"2025-06-04T13:36:45","date_gmt":"2025-06-04T10:36:45","guid":{"rendered":"https:\/\/www.egemtv.com\/?p=33015"},"modified":"2025-06-04T13:36:50","modified_gmt":"2025-06-04T10:36:50","slug":"baskan-arastan-bayram-mesaji","status":"publish","type":"post","link":"https:\/\/www.egemtv.com\/?p=33015","title":{"rendered":"Ba\u015fkan Aras\u2019tan Bayram mesaj\u0131"},"content":{"rendered":"<p>Mu\u011fla B\u00fcy\u00fck\u015fehir Belediyesi ekipleri, vatanda\u015flar\u0131n Kurban Bayram\u0131n\u0131 daha huzurlu daha rahat ge\u00e7irebilmeleri i\u00e7in 24 saat g\u00f6rev ba\u015f\u0131nda.<br \/>\n<br \/>Bayram nedeniyle bir mesaj yay\u0131mlayan K\u0131y\u0131 Ege Belediyeler Birli\u011fi ve Mu\u011fla B\u00fcy\u00fck\u015fehir Belediye Ba\u015fkan\u0131 Ahmet Aras &#8220;Dayan\u0131\u015fman\u0131n, payla\u015fman\u0131n ve sevginin en g\u00fczel ifadesi olan bir bayrama daha hep birlikte ula\u015fman\u0131n mutlulu\u011funu ya\u015f\u0131yoruz. Bayramlar; bizleri birbirimize yakla\u015ft\u0131ran, sevgi ba\u011flar\u0131n\u0131 g\u00fc\u00e7lendiren, k\u0131rg\u0131nl\u0131klar\u0131 unutturan ve umutlar\u0131 tazeleyen \u00e7ok \u00f6zel g\u00fcnlerdir.<br \/>\n<br \/>Bu m\u00fcstesna g\u00fcnlerde sevdiklerimize, \u00e7evremize, kentimize ve \u00fclkemize kar\u015f\u0131 sorumluluklar\u0131m\u0131z\u0131 da daha derinden hissediyoruz. Biz de bu sorumlulukla, hem siz de\u011ferli hem\u015fehrilerimizin hem de kentimizi ziyaret eden misafirlerimizin huzurlu ve g\u00fcvenli bir bayram ge\u00e7irmesi i\u00e7in t\u00fcm haz\u0131rl\u0131klar\u0131m\u0131z\u0131 tamamlad\u0131k. Bayram s\u00fcresince birimlerimiz 24 saat esas\u0131na g\u00f6re \u00e7al\u0131\u015fmalar\u0131n\u0131 s\u00fcrd\u00fcrecektir. Her t\u00fcrl\u00fc talep ve bildirim i\u00e7in 444 48 01 numaral\u0131 \u00e7a\u011fr\u0131 merkezimiz hizmetinizde olacakt\u0131r. Bayram tatili boyunca t\u00fcm vatanda\u015flar\u0131m\u0131zdan ve konuklar\u0131m\u0131zdan ricam\u0131z; \u00e7evremize kar\u015f\u0131 duyarl\u0131, kentimize kar\u015f\u0131 \u00f6zenli davranmalar\u0131d\u0131r. Bu duygu ve d\u00fc\u015f\u00fcncelerle, Kurban Bayram\u0131\u2019n\u0131n ba\u015fta g\u00fczel Mu\u011fla\u2019m\u0131z olmak \u00fczere t\u00fcm \u00fclkemize ve d\u00fcnyaya bar\u0131\u015f, sevgi ve huzur getirmesini temenni ediyor; t\u00fcm vatanda\u015flar\u0131m\u0131z\u0131n bayram\u0131n\u0131 en i\u00e7ten dileklerimle kutluyorum. Birlik ve beraberli\u011fimizin daim oldu\u011fu, kalplerin sevgiyle doldu\u011fu nice g\u00fczel bayramlar diliyorum&#8221; \u0130fadelerini kulland\u0131.<br \/><\/p>\n","protected":false},"excerpt":{"rendered":"<p>Mu\u011fla B\u00fcy\u00fck\u015fehir Belediyesi ekipleri, vatanda\u015flar\u0131n Kurban Bayram\u0131n\u0131 daha huzurlu daha rahat ge\u00e7irebilmeleri i\u00e7in 24 saat g\u00f6rev ba\u015f\u0131nda. Bayram nedeniyle bir mesaj yay\u0131mlayan K\u0131y\u0131 Ege Belediyeler Birli\u011fi ve Mu\u011fla B\u00fcy\u00fck\u015fehir Belediye Ba\u015fkan\u0131 Ahmet Aras &#8220;Dayan\u0131\u015fman\u0131n, payla\u015fman\u0131n ve sevginin en g\u00fczel ifadesi olan bir bayrama daha hep birlikte ula\u015fman\u0131n mutlulu\u011funu ya\u015f\u0131yoruz. Bayramlar; bizleri birbirimize yakla\u015ft\u0131ran, sevgi ba\u011flar\u0131n\u0131&#8230;<\/p>\n","protected":false},"author":1,"featured_media":33016,"comment_status":"open","ping_status":"open","sticky":false,"template":"","format":"standard","meta":{"_crdt_document":"","footnotes":""},"categories":[127],"tags":[],"class_list":["post-33015","post","type-post","status-publish","format-standard","has-post-thumbnail","hentry","category-siyaset"],"_links":{"self":[{"href":"https:\/\/www.egemtv.com\/index.php?rest_route=\/wp\/v2\/posts\/33015","targetHints":{"allow":["GET"]}}],"collection":[{"href":"https:\/\/www.egemtv.com\/index.php?rest_route=\/wp\/v2\/posts"}],"about":[{"href":"https:\/\/www.egemtv.com\/index.php?rest_route=\/wp\/v2\/types\/post"}],"author":[{"embeddable":true,"href":"https:\/\/www.egemtv.com\/index.php?rest_route=\/wp\/v2\/users\/1"}],"replies":[{"embeddable":true,"href":"https:\/\/www.egemtv.com\/index.php?rest_route=%2Fwp%2Fv2%2Fcomments&post=33015"}],"version-history":[{"count":1,"href":"https:\/\/www.egemtv.com\/index.php?rest_route=\/wp\/v2\/posts\/33015\/revisions"}],"predecessor-version":[{"id":33017,"href":"https:\/\/www.egemtv.com\/index.php?rest_route=\/wp\/v2\/posts\/33015\/revisions\/33017"}],"wp:featuredmedia":[{"embeddable":true,"href":"https:\/\/www.egemtv.com\/index.php?rest_route=\/wp\/v2\/media\/33016"}],"wp:attachment":[{"href":"https:\/\/www.egemtv.com\/index.php?rest_route=%2Fwp%2Fv2%2Fmedia&parent=33015"}],"wp:term":[{"taxonomy":"category","embeddable":true,"href":"https:\/\/www.egemtv.com\/index.php?rest_route=%2Fwp%2Fv2%2Fcategories&post=33015"},{"taxonomy":"post_tag","embeddable":true,"href":"https:\/\/www.egemtv.com\/index.php?rest_route=%2Fwp%2Fv2%2Ftags&post=33015"}],"curies":[{"name":"wp","href":"https:\/\/api.w.org\/{rel}","templated":true}]}}