{"id":33012,"date":"2025-06-04T13:36:39","date_gmt":"2025-06-04T10:36:39","guid":{"rendered":"https:\/\/www.egemtv.com\/?p=33012"},"modified":"2025-06-04T13:36:45","modified_gmt":"2025-06-04T10:36:45","slug":"fethiyede-restoranin-tavani-coktu-5-yarali","status":"publish","type":"post","link":"https:\/\/www.egemtv.com\/?p=33012","title":{"rendered":"Fethiye\u2019de restoran\u0131n tavan\u0131 \u00e7\u00f6kt\u00fc: 5 yaral\u0131"},"content":{"rendered":"<p>Mu\u011fla\u2019n\u0131n Fethiye il\u00e7esinde bir restoranda ya\u015fanan tavan \u00e7\u00f6kmesi sonucu 1\u2019i \u00e7ocuk toplam 5 yabanc\u0131 uyruklu ki\u015fi yaraland\u0131.<br \/>\n<br \/>Olay, Karagedik Mahallesi \u00c7al\u0131\u015f mevkisindeki bir restoranda meydana geldi. Edinilen bilgiye g\u00f6re, restoran\u0131n tavan\u0131ndaki malzemeler, aniden masada oturan m\u00fc\u015fterilerin \u00fczerine d\u00fc\u015ft\u00fc. \u00c7evredekilerin 112 Acil \u00c7a\u011fr\u0131 Merkezi\u2019ne ihbar\u0131 \u00fczerine olay yerine sa\u011fl\u0131k ve polis ekipleri sevk edildi. Ya\u015fanan olayda yaralanan yabanc\u0131 uyruklu 1\u2019i \u00e7ocuk 5 ki\u015fi, ilk m\u00fcdahalelerinin ard\u0131ndan Fethiye\u2019deki \u00e7e\u015fitli hastanelere kald\u0131r\u0131ld\u0131.<br \/>\n<br \/>Olayla ilgili inceleme ba\u015flat\u0131ld\u0131.<br \/><\/p>\n","protected":false},"excerpt":{"rendered":"<p>Mu\u011fla\u2019n\u0131n Fethiye il\u00e7esinde bir restoranda ya\u015fanan tavan \u00e7\u00f6kmesi sonucu 1\u2019i \u00e7ocuk toplam 5 yabanc\u0131 uyruklu ki\u015fi yaraland\u0131. Olay, Karagedik Mahallesi \u00c7al\u0131\u015f mevkisindeki bir restoranda meydana geldi. Edinilen bilgiye g\u00f6re, restoran\u0131n tavan\u0131ndaki malzemeler, aniden masada oturan m\u00fc\u015fterilerin \u00fczerine d\u00fc\u015ft\u00fc. \u00c7evredekilerin 112 Acil \u00c7a\u011fr\u0131 Merkezi\u2019ne ihbar\u0131 \u00fczerine olay yerine sa\u011fl\u0131k ve polis ekipleri sevk edildi. Ya\u015fanan olayda&#8230;<\/p>\n","protected":false},"author":1,"featured_media":33013,"comment_status":"open","ping_status":"open","sticky":false,"template":"","format":"standard","meta":{"_crdt_document":"","footnotes":""},"categories":[5],"tags":[],"class_list":["post-33012","post","type-post","status-publish","format-standard","has-post-thumbnail","hentry","category-asayis"],"_links":{"self":[{"href":"https:\/\/www.egemtv.com\/index.php?rest_route=\/wp\/v2\/posts\/33012","targetHints":{"allow":["GET"]}}],"collection":[{"href":"https:\/\/www.egemtv.com\/index.php?rest_route=\/wp\/v2\/posts"}],"about":[{"href":"https:\/\/www.egemtv.com\/index.php?rest_route=\/wp\/v2\/types\/post"}],"author":[{"embeddable":true,"href":"https:\/\/www.egemtv.com\/index.php?rest_route=\/wp\/v2\/users\/1"}],"replies":[{"embeddable":true,"href":"https:\/\/www.egemtv.com\/index.php?rest_route=%2Fwp%2Fv2%2Fcomments&post=33012"}],"version-history":[{"count":1,"href":"https:\/\/www.egemtv.com\/index.php?rest_route=\/wp\/v2\/posts\/33012\/revisions"}],"predecessor-version":[{"id":33014,"href":"https:\/\/www.egemtv.com\/index.php?rest_route=\/wp\/v2\/posts\/33012\/revisions\/33014"}],"wp:featuredmedia":[{"embeddable":true,"href":"https:\/\/www.egemtv.com\/index.php?rest_route=\/wp\/v2\/media\/33013"}],"wp:attachment":[{"href":"https:\/\/www.egemtv.com\/index.php?rest_route=%2Fwp%2Fv2%2Fmedia&parent=33012"}],"wp:term":[{"taxonomy":"category","embeddable":true,"href":"https:\/\/www.egemtv.com\/index.php?rest_route=%2Fwp%2Fv2%2Fcategories&post=33012"},{"taxonomy":"post_tag","embeddable":true,"href":"https:\/\/www.egemtv.com\/index.php?rest_route=%2Fwp%2Fv2%2Ftags&post=33012"}],"curies":[{"name":"wp","href":"https:\/\/api.w.org\/{rel}","templated":true}]}}