{"id":33009,"date":"2025-06-04T13:36:34","date_gmt":"2025-06-04T10:36:34","guid":{"rendered":"https:\/\/www.egemtv.com\/?p=33009"},"modified":"2025-06-04T13:36:39","modified_gmt":"2025-06-04T10:36:39","slug":"buyuksehir-belediyesinden-camilerde-bayram-temizligi","status":"publish","type":"post","link":"https:\/\/www.egemtv.com\/?p=33009","title":{"rendered":"B\u00fcy\u00fck\u015fehir Belediyesinden Camilerde Bayram temizli\u011fi"},"content":{"rendered":"<p>Mu\u011fla B\u00fcy\u00fck\u015fehir Belediyesi Kurban Bayram\u0131 \u00f6ncesinde vatanda\u015flar\u0131n daha sa\u011fl\u0131kl\u0131 ve huzurlu bir \u015fekilde ibadet edebilmesi amac\u0131yla camilerde kapsaml\u0131 temizlik ve bak\u0131m \u00e7al\u0131\u015fmalar\u0131 ba\u015flatt\u0131.<br \/>\n<br \/>Cami i\u00e7i ve d\u0131\u015f\u0131nda kapsaml\u0131 temizlik<br \/>\n<br \/>Mu\u011fla B\u00fcy\u00fck\u015fehir Belediyesi, Kurban Bayram\u0131 \u00f6ncesinde vatanda\u015flar\u0131n ibadetlerini hijyenik bir ortamda ger\u00e7ekle\u015ftirebilmesi i\u00e7in camilerde kapsaml\u0131 temizlik \u00e7al\u0131\u015fmalar\u0131 ger\u00e7ekle\u015ftirdi. Y\u00fcr\u00fct\u00fclen \u00e7al\u0131\u015fmalar kapsam\u0131nda cami i\u00e7indeki hal\u0131lar detayl\u0131 \u015fekilde temizlendi; mihrap, minber ve k\u00fcrs\u00fc gibi ibadet alanlar\u0131 \u00f6zenle hijyenik hale getirildi. Ayr\u0131ca kap\u0131 ve pencereler, ayakkab\u0131l\u0131klar ve abdesthane b\u00f6l\u00fcmleri dezenfekte edilerek vatanda\u015flar\u0131n kullan\u0131m\u0131na haz\u0131rland\u0131.<br \/>\n<br \/>Bak\u0131m ve onar\u0131m hizmetleri de yap\u0131l\u0131yor<br \/>\n<br \/>Sadece temizlikle s\u0131n\u0131rl\u0131 kalmayan \u00e7al\u0131\u015fmalarda camilerde bak\u0131m ve onar\u0131m da yap\u0131ld\u0131. Belediyeye ba\u011fl\u0131 teknik ekipler, camilerin elektrik ve su tesisatlar\u0131n\u0131 kontrol ederek gerekli tamiratlar\u0131 ger\u00e7ekle\u015ftirdi. Eskiyen veya i\u015flevini yitiren prizler, musluklar yenilenirken, g\u00fcvenli\u011fi tehdit eden tesisat sorunlar\u0131na m\u00fcdahale edildi.<br \/>\n<br \/>Destek Hizmetleri Dairesi Ba\u015fkanl\u0131\u011f\u0131 personeli Tanju Tavas, &#8220;Kurban Bayram \u00d6ncesi, gelen talepler \u00fczerine camilerimizin, bak\u0131m onlar\u0131n tamirat i\u015flerini h\u0131zl\u0131ca devam etmekteyiz. \u015eu an i\u00e7in Kurban Bayram \u00d6ncesi 26 camimizin bak\u0131mlar\u0131n\u0131 h\u0131zl\u0131 bir \u015fekilde tamamlayaca\u011f\u0131z&#8221; dedi.<br \/>\n<br \/>K\u0131y\u0131 Ege Belediyeler Birli\u011fi ve Mu\u011fla B\u00fcy\u00fck\u015fehir Belediye Ba\u015fkan\u0131 Ahmet Aras, Bayramlar\u0131n, toplumsal dayan\u0131\u015fma ve manevi de\u011ferlerimizin en g\u00fc\u00e7l\u00fc \u015fekilde hissedildi\u011fi zamanlar oldu\u011funu, vatanda\u015flar\u0131n ibadetlerini sa\u011fl\u0131kl\u0131, huzurlu ve hijyenik ortamlarda ger\u00e7ekle\u015ftirebilmesi i\u00e7in Mu\u011fla B\u00fcy\u00fck\u015fehir Belediyesi ekiplerinin camilerde kapsaml\u0131 bir \u00e7al\u0131\u015fma y\u00fcr\u00fctt\u00fc\u011f\u00fcn\u00fc, sadece temizlik de\u011fil, ayn\u0131 zamanda bak\u0131m ve onar\u0131m hizmetleriyle de ibadethanelerin fiziksel \u015fartlar\u0131n\u0131 iyile\u015ftirdi\u011fini a\u00e7\u0131klad\u0131.<br \/><\/p>\n","protected":false},"excerpt":{"rendered":"<p>Mu\u011fla B\u00fcy\u00fck\u015fehir Belediyesi Kurban Bayram\u0131 \u00f6ncesinde vatanda\u015flar\u0131n daha sa\u011fl\u0131kl\u0131 ve huzurlu bir \u015fekilde ibadet edebilmesi amac\u0131yla camilerde kapsaml\u0131 temizlik ve bak\u0131m \u00e7al\u0131\u015fmalar\u0131 ba\u015flatt\u0131. Cami i\u00e7i ve d\u0131\u015f\u0131nda kapsaml\u0131 temizlik Mu\u011fla B\u00fcy\u00fck\u015fehir Belediyesi, Kurban Bayram\u0131 \u00f6ncesinde vatanda\u015flar\u0131n ibadetlerini hijyenik bir ortamda ger\u00e7ekle\u015ftirebilmesi i\u00e7in camilerde kapsaml\u0131 temizlik \u00e7al\u0131\u015fmalar\u0131 ger\u00e7ekle\u015ftirdi. Y\u00fcr\u00fct\u00fclen \u00e7al\u0131\u015fmalar kapsam\u0131nda cami i\u00e7indeki hal\u0131lar detayl\u0131 \u015fekilde&#8230;<\/p>\n","protected":false},"author":1,"featured_media":33010,"comment_status":"open","ping_status":"open","sticky":false,"template":"","format":"standard","meta":{"_crdt_document":"","footnotes":""},"categories":[1],"tags":[],"class_list":["post-33009","post","type-post","status-publish","format-standard","has-post-thumbnail","hentry","category-guncel"],"_links":{"self":[{"href":"https:\/\/www.egemtv.com\/index.php?rest_route=\/wp\/v2\/posts\/33009","targetHints":{"allow":["GET"]}}],"collection":[{"href":"https:\/\/www.egemtv.com\/index.php?rest_route=\/wp\/v2\/posts"}],"about":[{"href":"https:\/\/www.egemtv.com\/index.php?rest_route=\/wp\/v2\/types\/post"}],"author":[{"embeddable":true,"href":"https:\/\/www.egemtv.com\/index.php?rest_route=\/wp\/v2\/users\/1"}],"replies":[{"embeddable":true,"href":"https:\/\/www.egemtv.com\/index.php?rest_route=%2Fwp%2Fv2%2Fcomments&post=33009"}],"version-history":[{"count":1,"href":"https:\/\/www.egemtv.com\/index.php?rest_route=\/wp\/v2\/posts\/33009\/revisions"}],"predecessor-version":[{"id":33011,"href":"https:\/\/www.egemtv.com\/index.php?rest_route=\/wp\/v2\/posts\/33009\/revisions\/33011"}],"wp:featuredmedia":[{"embeddable":true,"href":"https:\/\/www.egemtv.com\/index.php?rest_route=\/wp\/v2\/media\/33010"}],"wp:attachment":[{"href":"https:\/\/www.egemtv.com\/index.php?rest_route=%2Fwp%2Fv2%2Fmedia&parent=33009"}],"wp:term":[{"taxonomy":"category","embeddable":true,"href":"https:\/\/www.egemtv.com\/index.php?rest_route=%2Fwp%2Fv2%2Fcategories&post=33009"},{"taxonomy":"post_tag","embeddable":true,"href":"https:\/\/www.egemtv.com\/index.php?rest_route=%2Fwp%2Fv2%2Ftags&post=33009"}],"curies":[{"name":"wp","href":"https:\/\/api.w.org\/{rel}","templated":true}]}}