{"id":33006,"date":"2025-06-04T13:16:08","date_gmt":"2025-06-04T10:16:08","guid":{"rendered":"https:\/\/www.egemtv.com\/?p=33006"},"modified":"2025-06-04T13:16:12","modified_gmt":"2025-06-04T10:16:12","slug":"refuje-carpip-savrulan-motosiklet-surucusu-yaralandi","status":"publish","type":"post","link":"https:\/\/www.egemtv.com\/?p=33006","title":{"rendered":"Ref\u00fcje \u00e7arp\u0131p savrulan motosiklet s\u00fcr\u00fcc\u00fcs\u00fc yaraland\u0131"},"content":{"rendered":"<p>Ayd\u0131n\u2019\u0131n Efeler il\u00e7esinde kav\u015fak i\u00e7indeki ref\u00fcje \u00e7arp\u0131p savrulan motosikletin s\u00fcr\u00fcc\u00fcs\u00fc yaraland\u0131.<\/p>\n<p>Kaza, Efeler il\u00e7esi Girne Mahallesi Girne Bulvar\u0131 \u00fczerinde meydana geldi. Edinilen bilgiye g\u00f6re 09 ALV 905 plakal\u0131 motosikletin s\u00fcr\u00fcc\u00fcs\u00fc A.D., kav\u015fa\u011fa geldi\u011fi esnada hen\u00fcz bilinmeyen bir nedenle motosikletinin hakimiyetinin kaybolmas\u0131 sonucu kav\u015fak i\u00e7indeki ref\u00fcje \u00e7arparak yolun kar\u015f\u0131s\u0131na savruldu. Kazada s\u00fcr\u00fcc\u00fc A.D. yaralan\u0131rken, vatanda\u015flar durumu 112 Acil \u00c7a\u011fr\u0131 Merkezi\u2019ne bildirdi. \u0130hbar \u00fczerine b\u00f6lgeye polis ve sa\u011fl\u0131k ekipleri sevk edildi. K\u0131sa s\u00fcrede olay yerine gelen sa\u011fl\u0131k ekipleri, ilk m\u00fcdahalenin ard\u0131ndan yaral\u0131y\u0131 ambulansla Atat\u00fcrk Devlet Hastanesi\u2019ne kald\u0131rd\u0131. Yaral\u0131 s\u00fcr\u00fcc\u00fcn\u00fcn hayati tehlikesinin bulunup bulunmad\u0131\u011f\u0131 netlik kazanmazken kaza ile ilgili inceleme ba\u015flat\u0131ld\u0131.<br \/><\/p>\n","protected":false},"excerpt":{"rendered":"<p>Ayd\u0131n\u2019\u0131n Efeler il\u00e7esinde kav\u015fak i\u00e7indeki ref\u00fcje \u00e7arp\u0131p savrulan motosikletin s\u00fcr\u00fcc\u00fcs\u00fc yaraland\u0131. Kaza, Efeler il\u00e7esi Girne Mahallesi Girne Bulvar\u0131 \u00fczerinde meydana geldi. Edinilen bilgiye g\u00f6re 09 ALV 905 plakal\u0131 motosikletin s\u00fcr\u00fcc\u00fcs\u00fc A.D., kav\u015fa\u011fa geldi\u011fi esnada hen\u00fcz bilinmeyen bir nedenle motosikletinin hakimiyetinin kaybolmas\u0131 sonucu kav\u015fak i\u00e7indeki ref\u00fcje \u00e7arparak yolun kar\u015f\u0131s\u0131na savruldu. Kazada s\u00fcr\u00fcc\u00fc A.D. yaralan\u0131rken, vatanda\u015flar durumu&#8230;<\/p>\n","protected":false},"author":1,"featured_media":33007,"comment_status":"open","ping_status":"open","sticky":false,"template":"","format":"standard","meta":{"_crdt_document":"","footnotes":""},"categories":[5],"tags":[],"class_list":["post-33006","post","type-post","status-publish","format-standard","has-post-thumbnail","hentry","category-asayis"],"_links":{"self":[{"href":"https:\/\/www.egemtv.com\/index.php?rest_route=\/wp\/v2\/posts\/33006","targetHints":{"allow":["GET"]}}],"collection":[{"href":"https:\/\/www.egemtv.com\/index.php?rest_route=\/wp\/v2\/posts"}],"about":[{"href":"https:\/\/www.egemtv.com\/index.php?rest_route=\/wp\/v2\/types\/post"}],"author":[{"embeddable":true,"href":"https:\/\/www.egemtv.com\/index.php?rest_route=\/wp\/v2\/users\/1"}],"replies":[{"embeddable":true,"href":"https:\/\/www.egemtv.com\/index.php?rest_route=%2Fwp%2Fv2%2Fcomments&post=33006"}],"version-history":[{"count":1,"href":"https:\/\/www.egemtv.com\/index.php?rest_route=\/wp\/v2\/posts\/33006\/revisions"}],"predecessor-version":[{"id":33008,"href":"https:\/\/www.egemtv.com\/index.php?rest_route=\/wp\/v2\/posts\/33006\/revisions\/33008"}],"wp:featuredmedia":[{"embeddable":true,"href":"https:\/\/www.egemtv.com\/index.php?rest_route=\/wp\/v2\/media\/33007"}],"wp:attachment":[{"href":"https:\/\/www.egemtv.com\/index.php?rest_route=%2Fwp%2Fv2%2Fmedia&parent=33006"}],"wp:term":[{"taxonomy":"category","embeddable":true,"href":"https:\/\/www.egemtv.com\/index.php?rest_route=%2Fwp%2Fv2%2Fcategories&post=33006"},{"taxonomy":"post_tag","embeddable":true,"href":"https:\/\/www.egemtv.com\/index.php?rest_route=%2Fwp%2Fv2%2Ftags&post=33006"}],"curies":[{"name":"wp","href":"https:\/\/api.w.org\/{rel}","templated":true}]}}