{"id":33003,"date":"2025-06-04T13:16:03","date_gmt":"2025-06-04T10:16:03","guid":{"rendered":"https:\/\/www.egemtv.com\/?p=33003"},"modified":"2025-06-04T13:16:08","modified_gmt":"2025-06-04T10:16:08","slug":"bicakcilarin-yogun-bayram-mesaisi-devam-ediyor","status":"publish","type":"post","link":"https:\/\/www.egemtv.com\/?p=33003","title":{"rendered":"B\u0131\u00e7ak\u00e7\u0131lar\u0131n yo\u011fun bayram mesaisi devam ediyor"},"content":{"rendered":"<p>Yakla\u015fan Kurban Bayram\u0131 \u00f6ncesi b\u0131\u00e7ak sat\u0131c\u0131lar\u0131nda yo\u011funluk ya\u015fanmaya ba\u015flarken, vatanda\u015flar\u0131n ge\u00e7mi\u015f y\u0131llarda oldu\u011fu gibi bu y\u0131lda yeni b\u0131\u00e7ak almak yerine eski b\u0131\u00e7aklar\u0131n\u0131 bilettikleri belirtildi.<br \/>\n<br \/>Kurban Bayram\u0131na 2 g\u00fcn kala b\u0131\u00e7ak\u00e7\u0131 esnaflar\u0131n\u0131n d\u00fckkanlar\u0131 dolup ta\u015fmaya ba\u015flad\u0131. Bolvadin il\u00e7esinde yakla\u015f\u0131k 30 y\u0131ldan bu yana baba mesle\u011fini devam ettiren b\u0131\u00e7ak sat\u0131c\u0131s\u0131 Habib Akay, bayram\u0131n yakla\u015fmas\u0131yla i\u015flerinde g\u00f6zle g\u00f6r\u00fcl\u00fcr art\u0131\u015flar ya\u015fand\u0131\u011f\u0131n\u0131 ifade etti. Akay, m\u00fc\u015fterilerin yeni b\u0131\u00e7aklar yerine daha \u00e7ok eski b\u0131\u00e7aklar\u0131n\u0131 bilettiklerini kaydederek, &#8220;Bayrama say\u0131l\u0131 g\u00fcnler kala i\u015flerimizi artt\u0131. G\u00fcnl\u00fck yakla\u015f\u0131k bin 500 b\u0131\u00e7ak ve 500\u2019e yak\u0131n sat\u0131r ya da balta gibi kurban etini par\u00e7alamada kullan\u0131lan malzemeleri biliyoruz. Vatanda\u015flar\u0131m\u0131z ma\u011fdur olmalar\u0131 i\u00e7in b\u0131\u00e7ak bilme i\u015flerini son g\u00fcne b\u0131rakmas\u0131nlar&#8221; dedi.<br \/><\/p>\n","protected":false},"excerpt":{"rendered":"<p>Yakla\u015fan Kurban Bayram\u0131 \u00f6ncesi b\u0131\u00e7ak sat\u0131c\u0131lar\u0131nda yo\u011funluk ya\u015fanmaya ba\u015flarken, vatanda\u015flar\u0131n ge\u00e7mi\u015f y\u0131llarda oldu\u011fu gibi bu y\u0131lda yeni b\u0131\u00e7ak almak yerine eski b\u0131\u00e7aklar\u0131n\u0131 bilettikleri belirtildi. Kurban Bayram\u0131na 2 g\u00fcn kala b\u0131\u00e7ak\u00e7\u0131 esnaflar\u0131n\u0131n d\u00fckkanlar\u0131 dolup ta\u015fmaya ba\u015flad\u0131. Bolvadin il\u00e7esinde yakla\u015f\u0131k 30 y\u0131ldan bu yana baba mesle\u011fini devam ettiren b\u0131\u00e7ak sat\u0131c\u0131s\u0131 Habib Akay, bayram\u0131n yakla\u015fmas\u0131yla i\u015flerinde g\u00f6zle g\u00f6r\u00fcl\u00fcr&#8230;<\/p>\n","protected":false},"author":1,"featured_media":33004,"comment_status":"open","ping_status":"open","sticky":false,"template":"","format":"standard","meta":{"_crdt_document":"","footnotes":""},"categories":[1],"tags":[],"class_list":["post-33003","post","type-post","status-publish","format-standard","has-post-thumbnail","hentry","category-guncel"],"_links":{"self":[{"href":"https:\/\/www.egemtv.com\/index.php?rest_route=\/wp\/v2\/posts\/33003","targetHints":{"allow":["GET"]}}],"collection":[{"href":"https:\/\/www.egemtv.com\/index.php?rest_route=\/wp\/v2\/posts"}],"about":[{"href":"https:\/\/www.egemtv.com\/index.php?rest_route=\/wp\/v2\/types\/post"}],"author":[{"embeddable":true,"href":"https:\/\/www.egemtv.com\/index.php?rest_route=\/wp\/v2\/users\/1"}],"replies":[{"embeddable":true,"href":"https:\/\/www.egemtv.com\/index.php?rest_route=%2Fwp%2Fv2%2Fcomments&post=33003"}],"version-history":[{"count":1,"href":"https:\/\/www.egemtv.com\/index.php?rest_route=\/wp\/v2\/posts\/33003\/revisions"}],"predecessor-version":[{"id":33005,"href":"https:\/\/www.egemtv.com\/index.php?rest_route=\/wp\/v2\/posts\/33003\/revisions\/33005"}],"wp:featuredmedia":[{"embeddable":true,"href":"https:\/\/www.egemtv.com\/index.php?rest_route=\/wp\/v2\/media\/33004"}],"wp:attachment":[{"href":"https:\/\/www.egemtv.com\/index.php?rest_route=%2Fwp%2Fv2%2Fmedia&parent=33003"}],"wp:term":[{"taxonomy":"category","embeddable":true,"href":"https:\/\/www.egemtv.com\/index.php?rest_route=%2Fwp%2Fv2%2Fcategories&post=33003"},{"taxonomy":"post_tag","embeddable":true,"href":"https:\/\/www.egemtv.com\/index.php?rest_route=%2Fwp%2Fv2%2Ftags&post=33003"}],"curies":[{"name":"wp","href":"https:\/\/api.w.org\/{rel}","templated":true}]}}