{"id":33000,"date":"2025-06-04T13:15:59","date_gmt":"2025-06-04T10:15:59","guid":{"rendered":"https:\/\/www.egemtv.com\/?p=33000"},"modified":"2025-06-04T13:16:03","modified_gmt":"2025-06-04T10:16:03","slug":"baskan-dogandan-kurban-bayrami-mesaji","status":"publish","type":"post","link":"https:\/\/www.egemtv.com\/?p=33000","title":{"rendered":"Ba\u015fkan Do\u011fan\u2019dan Kurban Bayram\u0131 mesaj\u0131"},"content":{"rendered":"<p>Merkezefendi Belediye Ba\u015fkan\u0131 \u015eeniz Do\u011fan, Kurban Bayram\u0131 dolay\u0131s\u0131yla bir mesaj yay\u0131mlad\u0131. Sa\u011fl\u0131k, mutluluk, huzur ve adalet getirmesini ifade eden Ba\u015fkan Do\u011fan &#8220;Dayan\u0131\u015fman\u0131n, payla\u015fman\u0131n ve karde\u015fli\u011fin en g\u00fczel duygularla ya\u015fand\u0131\u011f\u0131 m\u00fcbarek Kurban Bayram\u0131\u2019na ula\u015fman\u0131n sevincini hep birlikte ya\u015f\u0131yoruz&#8221; dedi.<\/p>\n<p>Merkezefendi Belediye Ba\u015fkan\u0131 \u015eeniz Do\u011fan, Kurban Bayram\u0131 dolay\u0131s\u0131yla bir mesaj yay\u0131mlad\u0131. Kurban Bayram\u0131\u2019n\u0131n sa\u011fl\u0131k, mutluluk, huzur ve adalet getirmesini ifade eden Ba\u015fkan Do\u011fan, &#8220;Dayan\u0131\u015fman\u0131n, payla\u015fman\u0131n ve karde\u015fli\u011fin en g\u00fczel duygularla ya\u015fand\u0131\u011f\u0131 m\u00fcbarek Kurban Bayram\u0131\u2019na ula\u015fman\u0131n sevincini hep birlikte ya\u015f\u0131yoruz. Sevgiyi \u00e7o\u011faltan, g\u00f6n\u00fclleri birle\u015ftiren, darg\u0131nl\u0131klar\u0131 unutturan bu \u00f6zel g\u00fcnlerde, biz de hem\u015fehrilerimizin huzurlu ve g\u00fcvenli bir bayram ge\u00e7irebilmesi i\u00e7in t\u00fcm tedbirlerimizi ald\u0131k ve haz\u0131rl\u0131klar\u0131m\u0131z\u0131 tamamlad\u0131k. Bu bayram yine b\u00fcy\u00fcklerimizle, sevdiklerimizle, \u00e7ocuklar\u0131m\u0131zla bir araya gelecek, bayram\u0131n tad\u0131n\u0131 ya\u015fayaca\u011f\u0131z. T\u00fcm hem\u015fehrilerimin, aziz milletimizin ve \u0130slam \u00e2leminin Kurban Bayram\u0131\u2019n\u0131 en i\u00e7ten duygular\u0131mla kutluyor, bayram\u0131n birlik ve beraberli\u011fimizi g\u00fc\u00e7lendirmesini, sofralar\u0131m\u0131za bereket, g\u00f6n\u00fcllerimize huzur getirmesini diliyorum. Hep birlikte nice bayramlara&#8221; dedi.<br \/><\/p>\n","protected":false},"excerpt":{"rendered":"<p>Merkezefendi Belediye Ba\u015fkan\u0131 \u015eeniz Do\u011fan, Kurban Bayram\u0131 dolay\u0131s\u0131yla bir mesaj yay\u0131mlad\u0131. Sa\u011fl\u0131k, mutluluk, huzur ve adalet getirmesini ifade eden Ba\u015fkan Do\u011fan &#8220;Dayan\u0131\u015fman\u0131n, payla\u015fman\u0131n ve karde\u015fli\u011fin en g\u00fczel duygularla ya\u015fand\u0131\u011f\u0131 m\u00fcbarek Kurban Bayram\u0131\u2019na ula\u015fman\u0131n sevincini hep birlikte ya\u015f\u0131yoruz&#8221; dedi. Merkezefendi Belediye Ba\u015fkan\u0131 \u015eeniz Do\u011fan, Kurban Bayram\u0131 dolay\u0131s\u0131yla bir mesaj yay\u0131mlad\u0131. Kurban Bayram\u0131\u2019n\u0131n sa\u011fl\u0131k, mutluluk, huzur ve&#8230;<\/p>\n","protected":false},"author":1,"featured_media":33001,"comment_status":"open","ping_status":"open","sticky":false,"template":"","format":"standard","meta":{"_crdt_document":"","footnotes":""},"categories":[123],"tags":[],"class_list":["post-33000","post","type-post","status-publish","format-standard","has-post-thumbnail","hentry","category-gundem"],"_links":{"self":[{"href":"https:\/\/www.egemtv.com\/index.php?rest_route=\/wp\/v2\/posts\/33000","targetHints":{"allow":["GET"]}}],"collection":[{"href":"https:\/\/www.egemtv.com\/index.php?rest_route=\/wp\/v2\/posts"}],"about":[{"href":"https:\/\/www.egemtv.com\/index.php?rest_route=\/wp\/v2\/types\/post"}],"author":[{"embeddable":true,"href":"https:\/\/www.egemtv.com\/index.php?rest_route=\/wp\/v2\/users\/1"}],"replies":[{"embeddable":true,"href":"https:\/\/www.egemtv.com\/index.php?rest_route=%2Fwp%2Fv2%2Fcomments&post=33000"}],"version-history":[{"count":1,"href":"https:\/\/www.egemtv.com\/index.php?rest_route=\/wp\/v2\/posts\/33000\/revisions"}],"predecessor-version":[{"id":33002,"href":"https:\/\/www.egemtv.com\/index.php?rest_route=\/wp\/v2\/posts\/33000\/revisions\/33002"}],"wp:featuredmedia":[{"embeddable":true,"href":"https:\/\/www.egemtv.com\/index.php?rest_route=\/wp\/v2\/media\/33001"}],"wp:attachment":[{"href":"https:\/\/www.egemtv.com\/index.php?rest_route=%2Fwp%2Fv2%2Fmedia&parent=33000"}],"wp:term":[{"taxonomy":"category","embeddable":true,"href":"https:\/\/www.egemtv.com\/index.php?rest_route=%2Fwp%2Fv2%2Fcategories&post=33000"},{"taxonomy":"post_tag","embeddable":true,"href":"https:\/\/www.egemtv.com\/index.php?rest_route=%2Fwp%2Fv2%2Ftags&post=33000"}],"curies":[{"name":"wp","href":"https:\/\/api.w.org\/{rel}","templated":true}]}}