{"id":32997,"date":"2025-06-04T13:15:57","date_gmt":"2025-06-04T10:15:57","guid":{"rendered":"https:\/\/www.egemtv.com\/?p=32997"},"modified":"2025-06-04T13:15:59","modified_gmt":"2025-06-04T10:15:59","slug":"manisada-abarti-egzoz-ve-yuksek-ses-denetimine-rekor-ceza","status":"publish","type":"post","link":"https:\/\/www.egemtv.com\/?p=32997","title":{"rendered":"Manisa\u2019da abart\u0131 egzoz ve y\u00fcksek ses denetimine rekor ceza"},"content":{"rendered":"<p>Manisa\u2019da emniyet ekipleri taraf\u0131ndan yap\u0131lan abart\u0131 egzoz ve y\u00fcksek ses denetiminde 501 ara\u00e7 ve s\u00fcr\u00fcc\u00fcs\u00fcne 3 milyon 232 bin 74 TL idari para cezas\u0131 uyguland\u0131\u011f\u0131 a\u00e7\u0131kland\u0131.<br \/>\n<br \/>Manisa \u0130l Emniyet M\u00fcd\u00fcrl\u00fc\u011f\u00fc Trafik Denetleme \u015eube M\u00fcd\u00fcrl\u00fc\u011f\u00fc ve il\u00e7e trafik birimlerince 27 May\u0131s &#8211; 2 Haziran 2025 tarihleri aras\u0131nda abart\u0131 egzoz ve y\u00fcksek ses \u00e7\u0131karan ara\u00e7lara y\u00f6nelik yap\u0131lan denetimlerde 2 bin 692 ara\u00e7 ve s\u00fcr\u00fcc\u00fcs\u00fc kontrol edildi.<br \/>\n<br \/>Denetimlerde abart\u0131 egzoz maddesinden 25 adet, y\u00fcksek ses maddesinden 33 adet ve di\u011fer kanun maddelerinden 443 adet olmak \u00fczere toplam 501 ara\u00e7 ve s\u00fcr\u00fcc\u00fcs\u00fcne 3 milyon 232 bin 74 TL idari para cezas\u0131 kesildi\u011fi a\u00e7\u0131kland\u0131. Denetimlerde ayr\u0131ca, 110 arac\u0131n da trafikten men edildi\u011fi bildirildi.<br \/><\/p>\n","protected":false},"excerpt":{"rendered":"<p>Manisa\u2019da emniyet ekipleri taraf\u0131ndan yap\u0131lan abart\u0131 egzoz ve y\u00fcksek ses denetiminde 501 ara\u00e7 ve s\u00fcr\u00fcc\u00fcs\u00fcne 3 milyon 232 bin 74 TL idari para cezas\u0131 uyguland\u0131\u011f\u0131 a\u00e7\u0131kland\u0131. Manisa \u0130l Emniyet M\u00fcd\u00fcrl\u00fc\u011f\u00fc Trafik Denetleme \u015eube M\u00fcd\u00fcrl\u00fc\u011f\u00fc ve il\u00e7e trafik birimlerince 27 May\u0131s &#8211; 2 Haziran 2025 tarihleri aras\u0131nda abart\u0131 egzoz ve y\u00fcksek ses \u00e7\u0131karan ara\u00e7lara y\u00f6nelik yap\u0131lan&#8230;<\/p>\n","protected":false},"author":1,"featured_media":32998,"comment_status":"open","ping_status":"open","sticky":false,"template":"","format":"standard","meta":{"_crdt_document":"","footnotes":""},"categories":[5],"tags":[],"class_list":["post-32997","post","type-post","status-publish","format-standard","has-post-thumbnail","hentry","category-asayis"],"_links":{"self":[{"href":"https:\/\/www.egemtv.com\/index.php?rest_route=\/wp\/v2\/posts\/32997","targetHints":{"allow":["GET"]}}],"collection":[{"href":"https:\/\/www.egemtv.com\/index.php?rest_route=\/wp\/v2\/posts"}],"about":[{"href":"https:\/\/www.egemtv.com\/index.php?rest_route=\/wp\/v2\/types\/post"}],"author":[{"embeddable":true,"href":"https:\/\/www.egemtv.com\/index.php?rest_route=\/wp\/v2\/users\/1"}],"replies":[{"embeddable":true,"href":"https:\/\/www.egemtv.com\/index.php?rest_route=%2Fwp%2Fv2%2Fcomments&post=32997"}],"version-history":[{"count":1,"href":"https:\/\/www.egemtv.com\/index.php?rest_route=\/wp\/v2\/posts\/32997\/revisions"}],"predecessor-version":[{"id":32999,"href":"https:\/\/www.egemtv.com\/index.php?rest_route=\/wp\/v2\/posts\/32997\/revisions\/32999"}],"wp:featuredmedia":[{"embeddable":true,"href":"https:\/\/www.egemtv.com\/index.php?rest_route=\/wp\/v2\/media\/32998"}],"wp:attachment":[{"href":"https:\/\/www.egemtv.com\/index.php?rest_route=%2Fwp%2Fv2%2Fmedia&parent=32997"}],"wp:term":[{"taxonomy":"category","embeddable":true,"href":"https:\/\/www.egemtv.com\/index.php?rest_route=%2Fwp%2Fv2%2Fcategories&post=32997"},{"taxonomy":"post_tag","embeddable":true,"href":"https:\/\/www.egemtv.com\/index.php?rest_route=%2Fwp%2Fv2%2Ftags&post=32997"}],"curies":[{"name":"wp","href":"https:\/\/api.w.org\/{rel}","templated":true}]}}