{"id":32994,"date":"2025-06-04T13:15:52","date_gmt":"2025-06-04T10:15:52","guid":{"rendered":"https:\/\/www.egemtv.com\/?p=32994"},"modified":"2025-06-04T13:15:57","modified_gmt":"2025-06-04T10:15:57","slug":"ivan-mance-romulo-icin-rekor-bir-teklif-aldik","status":"publish","type":"post","link":"https:\/\/www.egemtv.com\/?p=32994","title":{"rendered":"Ivan Mance: &#8220;Romulo i\u00e7in rekor bir teklif ald\u0131k&#8221;"},"content":{"rendered":"<p>G\u00f6ztepe Sportif Direkt\u00f6r\u00fc Ivan Mance, Brezilyal\u0131 futbolcunun Romulo\u2019ya teklifler geldi\u011fini belirterek, &#8220;G\u00f6ztepe tarihine bakarsak Romulo i\u00e7in rekor bir transfer teklifi ald\u0131k. \u00c7ift hanelere ula\u015fan bir transfer teklifiydi&#8221; dedi.<br \/>\n<br \/>G\u00f6ztepe Sportif Direkt\u00f6r\u00fc Ivan Mance, G\u00fcrsel Aksel Stadyumu\u2019nda bas\u0131n mensuplar\u0131yla bir araya geldi. Hem tak\u0131m\u0131n durumuyla alakal\u0131 hem de transfer d\u00f6nemiyle alakal\u0131 konu\u015fan Mance, Romulo\u2019nun transfer s\u00fcrecine de de\u011findi. Brezilyal\u0131 futbolcu Romulo\u2019nun g\u00f6sterdi\u011fi performansla ilgi oda\u011f\u0131 oldu\u011funu vurgulayan Mance, &#8220;Kendisiyle ilgili asl\u0131nda biz \u00e7ok b\u00fcy\u00fck bir teklif de ald\u0131k. G\u00f6ztepe tarihine bakarsak a\u00e7\u0131k ara en b\u00fcy\u00fck transfer teklifi de diyebiliriz ama kesinlikle bize verilen bonservisten memnun olmazsak kendisi burada kalacak. Sadece bizim istedi\u011fimiz derecede y\u00fcksek bir bonservis bedeli olursa o zaman ayr\u0131labilir. Dedi\u011fim gibi rekor bir transfer teklifi zaten ald\u0131. \u00c7ift hanelere ula\u015fan bir transfer teklifiydi. Belirledi\u011fimiz bonservis olmad\u0131\u011f\u0131 s\u00fcrece kendisi bizimle kalacak&#8221; dedi.<\/p>\n<p>&#8220;\u0130smail K\u00f6yba\u015f\u0131 en iyi transferimizdi&#8221;<br \/>\n<br \/>3 senelik g\u00f6revleri boyunca yapt\u0131klar\u0131 en iyi transferin \u0130smail K\u00f6yba\u015f\u0131 oldu\u011funu s\u00f6yleyen Ivan Mance, &#8220;\u00c7\u00fcnk\u00fc o an ger\u00e7ekten kul\u00fcpte \u00fcz\u00fcnt\u00fc vard\u0131, tak\u0131m k\u00fcme d\u00fc\u015fm\u00fc\u015ft\u00fc. Herkes kul\u00fcpten uzakla\u015f\u0131yordu. Modern d\u00fcnyan\u0131n mant\u0131\u011f\u0131na g\u00f6re milli tak\u0131mda y\u0131llarca oynam\u0131\u015f, o sezon Trabzonspor\u2019da \u015fampiyon olmu\u015f, 10 S\u00fcper Lig tak\u0131m\u0131ndan teklifler alm\u0131\u015f bir oyuncu buraya gelmeyi tercih etti. Ger\u00e7ekten o isimleri, kul\u00fcpleri ve paray\u0131 bir yana koydu. Kendisine sunulan projeye \u00f6ncelik verdi. Hepimize yard\u0131m etti, herkesi yukar\u0131 \u00e7ekti. S\u00f6yledi\u011fi her \u015fey ger\u00e7ek oldu. \u0130smail muhte\u015fem bir adam ve kesinlikle en iyi transferimiz. Zaten kendisi belirtiyor, taraftar\u0131m\u0131z da fark\u0131ndad\u0131r \u0130smail G\u00f6ztepe\u2019yi her \u015feyin \u00f6n\u00fcne koyuyor. \u0130smail\u2019e 1 y\u0131l daha kalmas\u0131n\u0131 teklif ettik&#8221; \u015feklinde konu\u015ftu.<\/p>\n<p>&#8220;Bizim transfer stratejimiz belli&#8221;<br \/>\n<br \/>Transfer stratejileri hakk\u0131nda ise Mance, &#8220;Bizim stratejimizi herkes biliyor. Yaz d\u00f6neminde ne olursa olsun, Romulo ya da Dennis\u2019i b\u00fcy\u00fck paralara satsak da bizim stratejimizi ayn\u0131 \u015fekilde devam ettirece\u011fiz. G\u00f6ztepe\u2019ye hizmet edecek, sava\u015facak, kendisini geli\u015ftirecek ve ba\u015far\u0131ya a\u00e7 oyuncular tercih edece\u011fiz. Biz G\u00f6ztepe\u2019yi ba\u015far\u0131ya ula\u015ft\u0131racak yolun bu oldu\u011funu d\u00fc\u015f\u00fcn\u00fcyoruz. Bizden kesinlikle kimse 37 ya\u015f\u0131n\u0131n \u00fczerinde futbol efsanesi beklemesin. Bizim \u00e7ok ba\u015fka fikirlerimiz var. Taraftarlar\u0131m\u0131z bize sonuna kadar g\u00fcvensin. Taraftarlar yapaca\u011f\u0131m\u0131z isimleri bilmeyebilirler ama belirli bir s\u00fcre oynad\u0131klar\u0131nda bu oyuncular Avrupa taraf\u0131ndan fark edilecek oyuncular olacak&#8221; diye konu\u015ftu.<br \/><\/p>\n","protected":false},"excerpt":{"rendered":"<p>G\u00f6ztepe Sportif Direkt\u00f6r\u00fc Ivan Mance, Brezilyal\u0131 futbolcunun Romulo\u2019ya teklifler geldi\u011fini belirterek, &#8220;G\u00f6ztepe tarihine bakarsak Romulo i\u00e7in rekor bir transfer teklifi ald\u0131k. \u00c7ift hanelere ula\u015fan bir transfer teklifiydi&#8221; dedi. G\u00f6ztepe Sportif Direkt\u00f6r\u00fc Ivan Mance, G\u00fcrsel Aksel Stadyumu\u2019nda bas\u0131n mensuplar\u0131yla bir araya geldi. Hem tak\u0131m\u0131n durumuyla alakal\u0131 hem de transfer d\u00f6nemiyle alakal\u0131 konu\u015fan Mance, Romulo\u2019nun transfer s\u00fcrecine&#8230;<\/p>\n","protected":false},"author":1,"featured_media":32995,"comment_status":"open","ping_status":"open","sticky":false,"template":"","format":"standard","meta":{"_crdt_document":"","footnotes":""},"categories":[4],"tags":[],"class_list":["post-32994","post","type-post","status-publish","format-standard","has-post-thumbnail","hentry","category-spor"],"_links":{"self":[{"href":"https:\/\/www.egemtv.com\/index.php?rest_route=\/wp\/v2\/posts\/32994","targetHints":{"allow":["GET"]}}],"collection":[{"href":"https:\/\/www.egemtv.com\/index.php?rest_route=\/wp\/v2\/posts"}],"about":[{"href":"https:\/\/www.egemtv.com\/index.php?rest_route=\/wp\/v2\/types\/post"}],"author":[{"embeddable":true,"href":"https:\/\/www.egemtv.com\/index.php?rest_route=\/wp\/v2\/users\/1"}],"replies":[{"embeddable":true,"href":"https:\/\/www.egemtv.com\/index.php?rest_route=%2Fwp%2Fv2%2Fcomments&post=32994"}],"version-history":[{"count":1,"href":"https:\/\/www.egemtv.com\/index.php?rest_route=\/wp\/v2\/posts\/32994\/revisions"}],"predecessor-version":[{"id":32996,"href":"https:\/\/www.egemtv.com\/index.php?rest_route=\/wp\/v2\/posts\/32994\/revisions\/32996"}],"wp:featuredmedia":[{"embeddable":true,"href":"https:\/\/www.egemtv.com\/index.php?rest_route=\/wp\/v2\/media\/32995"}],"wp:attachment":[{"href":"https:\/\/www.egemtv.com\/index.php?rest_route=%2Fwp%2Fv2%2Fmedia&parent=32994"}],"wp:term":[{"taxonomy":"category","embeddable":true,"href":"https:\/\/www.egemtv.com\/index.php?rest_route=%2Fwp%2Fv2%2Fcategories&post=32994"},{"taxonomy":"post_tag","embeddable":true,"href":"https:\/\/www.egemtv.com\/index.php?rest_route=%2Fwp%2Fv2%2Ftags&post=32994"}],"curies":[{"name":"wp","href":"https:\/\/api.w.org\/{rel}","templated":true}]}}