{"id":32991,"date":"2025-06-04T12:56:48","date_gmt":"2025-06-04T09:56:48","guid":{"rendered":"https:\/\/www.egemtv.com\/?p=32991"},"modified":"2025-06-04T12:56:53","modified_gmt":"2025-06-04T09:56:53","slug":"universite-ogrencilerinden-koy-okuluna-anlamli-destek","status":"publish","type":"post","link":"https:\/\/www.egemtv.com\/?p=32991","title":{"rendered":"\u00dcniversite \u00f6\u011frencilerinden k\u00f6y okuluna anlaml\u0131 destek"},"content":{"rendered":"<p>Mu\u011fla S\u0131tk\u0131 Ko\u00e7man \u00dcniversitesi \u00f6\u011frencileri, y\u00fcr\u00fctt\u00fckleri sosyal sorumluluk projesi kapsam\u0131nda Mu\u011fla\u2019n\u0131n Mente\u015fe il\u00e7esine ba\u011fl\u0131 G\u00f6ktepe K\u00f6y\u00fc\u2019nde bulunan okula anlaml\u0131 bir ziyaret ger\u00e7ekle\u015ftirdi. G\u00f6n\u00fcll\u00fc \u00f6\u011frenciler, k\u00f6y okulundaki \u00e7ocuklara k\u0131rtasiye malzemeleri, kitaplar ve oyuncaklar hediye ederek hem maddi hem de manevi destek sundu.<\/p>\n<p>Sadece malzeme deste\u011fiyle s\u0131n\u0131rl\u0131 kalmayan proje kapsam\u0131nda, \u00fcniversiteli gen\u00e7ler \u00e7ocuklarla birlikte \u00e7e\u015fitli etkinlikler d\u00fczenledi. S\u0131n\u0131flarda interaktif oyunlar oynayan, etkinlikler ger\u00e7ekle\u015ftiren g\u00f6n\u00fcll\u00fc ekip, \u00e7ocuklara ne\u015fe dolu anlar ya\u015fatt\u0131. \u00d6\u011frenciler, projeyle \u00e7ocuklar\u0131n motivasyonunu art\u0131rmay\u0131, onlar\u0131 mutlu etmeyi ve e\u011fitim hayatlar\u0131na moral katmay\u0131 hedeflediklerini belirtti.<\/p>\n<p>Etkinlik sonunda konu\u015fan okul y\u00f6netimi ve k\u00f6y halk\u0131, \u00fcniversite \u00f6\u011frencilerine duyduklar\u0131 memnuniyeti dile getirerek, bu t\u00fcr \u00e7al\u0131\u015fmalar\u0131n k\u0131rsal b\u00f6lgelerdeki \u00f6\u011frenciler i\u00e7in b\u00fcy\u00fck \u00f6nem ta\u015f\u0131d\u0131\u011f\u0131n\u0131 ifade etti. Geli\u015fen sosyal sorumluluk bilinciyle birlikte \u00fcniversite \u00f6\u011frencilerinin toplumla olan ba\u011flar\u0131n\u0131n g\u00fc\u00e7lendi\u011fine dikkat \u00e7ekildi.<br \/><\/p>\n","protected":false},"excerpt":{"rendered":"<p>Mu\u011fla S\u0131tk\u0131 Ko\u00e7man \u00dcniversitesi \u00f6\u011frencileri, y\u00fcr\u00fctt\u00fckleri sosyal sorumluluk projesi kapsam\u0131nda Mu\u011fla\u2019n\u0131n Mente\u015fe il\u00e7esine ba\u011fl\u0131 G\u00f6ktepe K\u00f6y\u00fc\u2019nde bulunan okula anlaml\u0131 bir ziyaret ger\u00e7ekle\u015ftirdi. G\u00f6n\u00fcll\u00fc \u00f6\u011frenciler, k\u00f6y okulundaki \u00e7ocuklara k\u0131rtasiye malzemeleri, kitaplar ve oyuncaklar hediye ederek hem maddi hem de manevi destek sundu. Sadece malzeme deste\u011fiyle s\u0131n\u0131rl\u0131 kalmayan proje kapsam\u0131nda, \u00fcniversiteli gen\u00e7ler \u00e7ocuklarla birlikte \u00e7e\u015fitli etkinlikler d\u00fczenledi&#8230;.<\/p>\n","protected":false},"author":1,"featured_media":32992,"comment_status":"open","ping_status":"open","sticky":false,"template":"","format":"standard","meta":{"_crdt_document":"","footnotes":""},"categories":[1],"tags":[],"class_list":["post-32991","post","type-post","status-publish","format-standard","has-post-thumbnail","hentry","category-guncel"],"_links":{"self":[{"href":"https:\/\/www.egemtv.com\/index.php?rest_route=\/wp\/v2\/posts\/32991","targetHints":{"allow":["GET"]}}],"collection":[{"href":"https:\/\/www.egemtv.com\/index.php?rest_route=\/wp\/v2\/posts"}],"about":[{"href":"https:\/\/www.egemtv.com\/index.php?rest_route=\/wp\/v2\/types\/post"}],"author":[{"embeddable":true,"href":"https:\/\/www.egemtv.com\/index.php?rest_route=\/wp\/v2\/users\/1"}],"replies":[{"embeddable":true,"href":"https:\/\/www.egemtv.com\/index.php?rest_route=%2Fwp%2Fv2%2Fcomments&post=32991"}],"version-history":[{"count":1,"href":"https:\/\/www.egemtv.com\/index.php?rest_route=\/wp\/v2\/posts\/32991\/revisions"}],"predecessor-version":[{"id":32993,"href":"https:\/\/www.egemtv.com\/index.php?rest_route=\/wp\/v2\/posts\/32991\/revisions\/32993"}],"wp:featuredmedia":[{"embeddable":true,"href":"https:\/\/www.egemtv.com\/index.php?rest_route=\/wp\/v2\/media\/32992"}],"wp:attachment":[{"href":"https:\/\/www.egemtv.com\/index.php?rest_route=%2Fwp%2Fv2%2Fmedia&parent=32991"}],"wp:term":[{"taxonomy":"category","embeddable":true,"href":"https:\/\/www.egemtv.com\/index.php?rest_route=%2Fwp%2Fv2%2Fcategories&post=32991"},{"taxonomy":"post_tag","embeddable":true,"href":"https:\/\/www.egemtv.com\/index.php?rest_route=%2Fwp%2Fv2%2Ftags&post=32991"}],"curies":[{"name":"wp","href":"https:\/\/api.w.org\/{rel}","templated":true}]}}