{"id":32988,"date":"2025-06-04T12:56:43","date_gmt":"2025-06-04T09:56:43","guid":{"rendered":"https:\/\/www.egemtv.com\/?p=32988"},"modified":"2025-06-04T12:56:48","modified_gmt":"2025-06-04T09:56:48","slug":"sizofreni-hastasi-adamin-esarpla-bogularak-olduruldugu-ortaya-cikti","status":"publish","type":"post","link":"https:\/\/www.egemtv.com\/?p=32988","title":{"rendered":"\u015eizofreni hastas\u0131 adam\u0131n e\u015farpla bo\u011fularak \u00f6ld\u00fcr\u00fcld\u00fc\u011f\u00fc ortaya \u00e7\u0131kt\u0131"},"content":{"rendered":"<p>Afyonkarahisar\u2019da hakk\u0131nda kay\u0131p ilan\u0131 verildikten yakla\u015f\u0131k 15 g\u00fcn sonra bo\u015f arazide cesedi bulunan \u015fizofreni hastas\u0131 52 ya\u015f\u0131ndaki \u015fahs\u0131n cinayete kurban gitti\u011fi ortaya \u00e7\u0131karken, JASAT ekipleri cinayeti yakla\u015f\u0131k 650 saatlik kamera kayd\u0131n\u0131 incelemesi ve \u00f6len \u015fahs\u0131n \u00fczerinde ceketi ile ayakkab\u0131lar\u0131n\u0131n olmamas\u0131ndan yola \u00e7\u0131karak \u00e7\u00f6zd\u00fckleri belirtildi. Olayla ilgili 5 ki\u015fi tutukland\u0131.<br \/>\n<br \/>Olay, ge\u00e7ti\u011fimiz Ocak ay\u0131nda merkeze ba\u011fl\u0131 I\u015f\u0131klar beldesinde meydana geldi. Edinilen bilgilere g\u00f6re, beldedeki bo\u015f arazide bulunan kayal\u0131klar\u0131n aras\u0131nda ceset oldu\u011fu ihbar\u0131na giden jandarma ekipleri yapt\u0131klar\u0131 incelemede cesedin hakk\u0131nda kay\u0131p ihbar\u0131 verilen Dilaver Barlas isimli \u015fahsa ait oldu\u011funu tespit etti. Ard\u0131ndan soru\u015fturmay\u0131 devralan Jandarma Su\u00e7 Ara\u015ft\u0131rma Timi (JASAT) dedektifleri ceset \u00fczerinde yapt\u0131klar\u0131 incelemede \u015fahs\u0131n ayakkab\u0131s\u0131 ile so\u011fuk havaya ra\u011fmen \u00fczerinde ceketinin olmad\u0131\u011f\u0131n\u0131 ve kulland\u0131\u011f\u0131 cep telefonunda sim kart\u0131n bulunmad\u0131\u011f\u0131n\u0131 fark etti. Ard\u0131ndan soru\u015fturmay\u0131 derinle\u015ftiren ekipler Barlas\u2019\u0131n en son bo\u015fanmak \u00fczere oldu\u011fu e\u015fi T.B.\u2019nin a\u011fabeyi S.H.\u2019nin evine gitti\u011fini ve bir daha kendisinden haber al\u0131nmad\u0131\u011f\u0131n\u0131 belirledi. Beldedeki kamu kurum ve kurulu\u015flar\u0131 ile vatanda\u015flara ait ev ve i\u015f yerlerindeki g\u00fcvenlik kameralar\u0131na ait toplam 650 saatlik g\u00f6r\u00fcnt\u00fcy\u00fc incelemeye ald\u0131.<\/p>\n<p>JASAT dedektifleri sorguda her \u015feyi \u00f6\u011frendi<br \/>\n<br \/>JASAT ekipleri elde ettikleri delillerin ard\u0131ndan 7 farkl\u0131 adrese yapt\u0131klar\u0131 bask\u0131nda 16 ki\u015fi g\u00f6zalt\u0131na ald\u0131. Ard\u0131ndan \u015fah\u0131slar\u0131 sorguya alan ekipler \u00e7eli\u015fkili ifadeler veren \u015f\u00fcphelilerin yapt\u0131klar\u0131 sorgulama sonras\u0131nda cinayeti itiraf etmelerini sa\u011flad\u0131. \u015eah\u0131slar\u0131n ifadelerine g\u00f6re, olay g\u00fcn\u00fc S.H. ve N.H.\u2019\u0131n \u00e7ocuklar\u0131 olan Z.K.,\u0130.B., S.B. ve damatlar\u0131 B.B.\u2019nin \u00e7ocuklarla birlikte I\u015f\u0131klar Kasabas\u0131\u2019nda bulunan evlerine misafirli\u011fe geldiklerini \u015fah\u0131slar\u0131n \u00e7ay i\u00e7tikleri s\u0131rada Barlas\u2019\u0131n eve gelerek izinsiz girdi\u011fi \u00f6ne s\u00fcr\u00fcld\u00fc. Barlas\u2019\u0131n ayakkab\u0131s\u0131n\u0131 \u00e7\u0131kararak istenmemesine ra\u011fmen eve girdi\u011fi bunun \u00fczerine kay\u0131nbiraderi S.H.\u2019nin \u00e7ocuklar\u0131n\u0131 al\u0131p bir ba\u015fka odaya gitti\u011fi esnada Barlas\u2019\u0131n \u2018E\u015fimle aram\u0131z\u0131 siz bozdunuz, bo\u015fanmam\u0131za siz sebep oldunuz, hepinizi yakaca\u011f\u0131m, \u00f6ld\u00fcrece\u011fim\u2019 gibi tehditlerde bulundu\u011fu iddia edildi.<\/p>\n<p>G\u00f6zalt\u0131na al\u0131nan \u015fah\u0131slar kan donduran cinayeti sorguda itiraf etti<br \/>\n<br \/>Taraflar aras\u0131nda ya\u015fanan tart\u0131\u015fma sonras\u0131 Barlas\u2019\u0131n sigara yakmak istedi\u011fi ancak S.H.\u2019nin kar\u0131s\u0131 N.H.\u2019\u0131n evde kalp hastas\u0131 insanlar\u0131n oldu\u011funu s\u00f6yleyerek kendisini uyard\u0131\u011f\u0131 ancak Barlas\u2019\u0131n, N.H.\u2019nin karn\u0131na dirse\u011fi ile vurdu\u011fu kaydedildi. Kendisini kaybeden N.H.\u2019nin ise ba\u015f\u0131ndan \u00e7\u0131kard\u0131\u011f\u0131 e\u015farb\u0131 Barlas\u2019\u0131n boynuna dolayarak s\u0131kmaya ba\u015flad\u0131\u011f\u0131 bu s\u0131rada Barlas\u2019\u0131n oturdu\u011fu koltuktan y\u00fcz \u00fcst\u00fc yere d\u00fc\u015ft\u00fc\u011f\u00fc buna ra\u011fmen N.H\u2019nin e\u015farb\u0131 s\u0131kmaya devam etti\u011fi iddia edildi. N.H.\u2019nin odada bulunan di\u011fer ki\u015filerin \u2018Yapma adam\u0131 \u00f6ld\u00fcreceksin\u2019 telkinleri ve Barlas\u2019\u0131n a\u011fz\u0131ndan kan geldi\u011fini g\u00f6rmesi \u00fczerine e\u015farb\u0131 b\u0131rakt\u0131\u011f\u0131 ve sonras\u0131nda Barlas\u2019\u0131n \u00f6ld\u00fc\u011f\u00fc belirtildi.<br \/>\n<br \/>Cinayetin ard\u0131ndan N.H.\u2019nin kocas\u0131 S.H.\u2019nin 112 Acil \u00c7a\u011fr\u0131 Merkezini arayarak Barlas\u2019\u0131n evlerine geldi\u011fini ve kendilerine k\u00fcf\u00fcr ve hakaretler etti\u011fini s\u00f6yleyip yard\u0131m istedi\u011fi de ortaya \u00e7\u0131kt\u0131.<\/p>\n<p>Kay\u0131nbirader, e\u015fi ve 3 ki\u015fi daha tutukland\u0131<br \/>\n<br \/>Olay\u0131n ard\u0131ndan ba\u015flat\u0131lan soru\u015fturma \u00e7er\u00e7evesinde \u015fah\u0131slar\u0131n \u00f6len Barlas\u2019\u0131n cesedini \u00e7uvala koyduktan sonra patpat diye tabir edilen tar\u0131m arac\u0131na koyarak cesedin bulundu\u011fu araziye ta\u015f\u0131d\u0131klar\u0131 ve bu s\u0131rada evlerindeki g\u00fcvenlik kameras\u0131na ait g\u00f6r\u00fcnt\u00fcleri de sildikleri ortaya \u00e7\u0131kt\u0131.<br \/>\n<br \/>G\u00f6zalt\u0131na al\u0131nan 16 ki\u015fiden 8\u2019i ifadeleri sonras\u0131 serbest b\u0131rak\u0131l\u0131rken, 8\u2019i ise adliyeye sevk edildi. Savc\u0131l\u0131ktaki sorgular\u0131n\u0131n ard\u0131ndan Z.K, \u0130.B. ve S.H. isimli \u00fc\u00e7 \u015fah\u0131s hakk\u0131nda adli kontrol karar\u0131 verilirken, Barlas\u2019\u0131n kay\u0131nbiraderi S.H., e\u015fi N.H., \u0130.K., B.B. ve Y.S. isimli 5 ki\u015fi ise tutuklanarak cezaevine g\u00f6nderildi.<br \/><\/p>\n","protected":false},"excerpt":{"rendered":"<p>Afyonkarahisar\u2019da hakk\u0131nda kay\u0131p ilan\u0131 verildikten yakla\u015f\u0131k 15 g\u00fcn sonra bo\u015f arazide cesedi bulunan \u015fizofreni hastas\u0131 52 ya\u015f\u0131ndaki \u015fahs\u0131n cinayete kurban gitti\u011fi ortaya \u00e7\u0131karken, JASAT ekipleri cinayeti yakla\u015f\u0131k 650 saatlik kamera kayd\u0131n\u0131 incelemesi ve \u00f6len \u015fahs\u0131n \u00fczerinde ceketi ile ayakkab\u0131lar\u0131n\u0131n olmamas\u0131ndan yola \u00e7\u0131karak \u00e7\u00f6zd\u00fckleri belirtildi. Olayla ilgili 5 ki\u015fi tutukland\u0131. Olay, ge\u00e7ti\u011fimiz Ocak ay\u0131nda merkeze ba\u011fl\u0131&#8230;<\/p>\n","protected":false},"author":1,"featured_media":32989,"comment_status":"open","ping_status":"open","sticky":false,"template":"","format":"standard","meta":{"_crdt_document":"","footnotes":""},"categories":[5],"tags":[],"class_list":["post-32988","post","type-post","status-publish","format-standard","has-post-thumbnail","hentry","category-asayis"],"_links":{"self":[{"href":"https:\/\/www.egemtv.com\/index.php?rest_route=\/wp\/v2\/posts\/32988","targetHints":{"allow":["GET"]}}],"collection":[{"href":"https:\/\/www.egemtv.com\/index.php?rest_route=\/wp\/v2\/posts"}],"about":[{"href":"https:\/\/www.egemtv.com\/index.php?rest_route=\/wp\/v2\/types\/post"}],"author":[{"embeddable":true,"href":"https:\/\/www.egemtv.com\/index.php?rest_route=\/wp\/v2\/users\/1"}],"replies":[{"embeddable":true,"href":"https:\/\/www.egemtv.com\/index.php?rest_route=%2Fwp%2Fv2%2Fcomments&post=32988"}],"version-history":[{"count":1,"href":"https:\/\/www.egemtv.com\/index.php?rest_route=\/wp\/v2\/posts\/32988\/revisions"}],"predecessor-version":[{"id":32990,"href":"https:\/\/www.egemtv.com\/index.php?rest_route=\/wp\/v2\/posts\/32988\/revisions\/32990"}],"wp:featuredmedia":[{"embeddable":true,"href":"https:\/\/www.egemtv.com\/index.php?rest_route=\/wp\/v2\/media\/32989"}],"wp:attachment":[{"href":"https:\/\/www.egemtv.com\/index.php?rest_route=%2Fwp%2Fv2%2Fmedia&parent=32988"}],"wp:term":[{"taxonomy":"category","embeddable":true,"href":"https:\/\/www.egemtv.com\/index.php?rest_route=%2Fwp%2Fv2%2Fcategories&post=32988"},{"taxonomy":"post_tag","embeddable":true,"href":"https:\/\/www.egemtv.com\/index.php?rest_route=%2Fwp%2Fv2%2Ftags&post=32988"}],"curies":[{"name":"wp","href":"https:\/\/api.w.org\/{rel}","templated":true}]}}