{"id":32985,"date":"2025-06-04T12:56:38","date_gmt":"2025-06-04T09:56:38","guid":{"rendered":"https:\/\/www.egemtv.com\/?p=32985"},"modified":"2025-06-04T12:56:43","modified_gmt":"2025-06-04T09:56:43","slug":"aydin-jandarmasindan-ogrencilere-siddet-ve-suca-karsi-farkindalik-egitimi","status":"publish","type":"post","link":"https:\/\/www.egemtv.com\/?p=32985","title":{"rendered":"Ayd\u0131n jandarmas\u0131ndan \u00f6\u011frencilere \u015fiddet ve su\u00e7a kar\u015f\u0131 fark\u0131ndal\u0131k e\u011fitimi"},"content":{"rendered":"<p>Ayd\u0131n \u0130l Jandarma Komutanl\u0131\u011f\u0131 Aile \u0130\u00e7i \u015eiddetle M\u00fccadele ve \u00c7ocuk K\u0131s\u0131m Amirli\u011fi ile Efeler \u0130l\u00e7e Jandarma Komutanl\u0131\u011f\u0131 ekipleri taraf\u0131ndan Efeler Yenik\u00f6y \u0130lkokulu ve Ortaokulu\u2019nda \u00f6\u011frenim g\u00f6ren \u00f6\u011frencilere y\u00f6nelik bilgilendirme faaliyeti ger\u00e7ekle\u015ftirildi.<\/p>\n<p>Ayd\u0131n \u0130l Jandarma Komutanl\u0131\u011f\u0131, 186. kurulu\u015f y\u0131ld\u00f6n\u00fcm\u00fc etkinlikleri kapsam\u0131nda \u00e7ocuklara y\u00f6nelik fark\u0131ndal\u0131k \u00e7al\u0131\u015fmalar\u0131n\u0131 s\u00fcrd\u00fcr\u00fcyor. Aile \u0130\u00e7i \u015eiddetle M\u00fccadele ve \u00c7ocuk K\u0131s\u0131m Amirli\u011fi ile Efeler \u0130l\u00e7e Jandarma Komutanl\u0131\u011f\u0131 ekipleri taraf\u0131ndan, Efeler il\u00e7esi Yenik\u00f6y \u0130lkokulu ve Ortaokulu\u2019nda \u00f6\u011frenim g\u00f6ren \u00f6\u011frencilere y\u00f6nelik bilgilendirme faaliyeti ger\u00e7ekle\u015ftirildi. Etkinlikte \u00f6\u011frencilerin su\u00e7a s\u00fcr\u00fcklenmesinin ve su\u00e7 ma\u011fduru olmalar\u0131n\u0131n \u00f6nlenmesi amac\u0131yla; erken ya\u015fta ve zorla evlilikler, \u00e7ocuk ihmali ve istismar\u0131 ve aile i\u00e7i \u015fiddet konular\u0131nda e\u011fitim verildi. Ayr\u0131ca \u00f6\u011frencilerin bu t\u00fcr durumlarla kar\u015f\u0131la\u015fmalar\u0131 halinde hangi yollarla ba\u015fvuru yapabilecekleri de anlat\u0131ld\u0131. Jandarma ekipleri, &#8220;Gelece\u011fimiz olan \u00f6\u011frencilere y\u00f6nelik bilgilendirme faaliyetlerimiz devam edecektir&#8221; mesaj\u0131yla e\u011fitimin s\u00fcrece\u011fini vurgulad\u0131.<br \/><\/p>\n","protected":false},"excerpt":{"rendered":"<p>Ayd\u0131n \u0130l Jandarma Komutanl\u0131\u011f\u0131 Aile \u0130\u00e7i \u015eiddetle M\u00fccadele ve \u00c7ocuk K\u0131s\u0131m Amirli\u011fi ile Efeler \u0130l\u00e7e Jandarma Komutanl\u0131\u011f\u0131 ekipleri taraf\u0131ndan Efeler Yenik\u00f6y \u0130lkokulu ve Ortaokulu\u2019nda \u00f6\u011frenim g\u00f6ren \u00f6\u011frencilere y\u00f6nelik bilgilendirme faaliyeti ger\u00e7ekle\u015ftirildi. Ayd\u0131n \u0130l Jandarma Komutanl\u0131\u011f\u0131, 186. kurulu\u015f y\u0131ld\u00f6n\u00fcm\u00fc etkinlikleri kapsam\u0131nda \u00e7ocuklara y\u00f6nelik fark\u0131ndal\u0131k \u00e7al\u0131\u015fmalar\u0131n\u0131 s\u00fcrd\u00fcr\u00fcyor. Aile \u0130\u00e7i \u015eiddetle M\u00fccadele ve \u00c7ocuk K\u0131s\u0131m Amirli\u011fi ile Efeler&#8230;<\/p>\n","protected":false},"author":1,"featured_media":32986,"comment_status":"open","ping_status":"open","sticky":false,"template":"","format":"standard","meta":{"_crdt_document":"","footnotes":""},"categories":[1],"tags":[],"class_list":["post-32985","post","type-post","status-publish","format-standard","has-post-thumbnail","hentry","category-guncel"],"_links":{"self":[{"href":"https:\/\/www.egemtv.com\/index.php?rest_route=\/wp\/v2\/posts\/32985","targetHints":{"allow":["GET"]}}],"collection":[{"href":"https:\/\/www.egemtv.com\/index.php?rest_route=\/wp\/v2\/posts"}],"about":[{"href":"https:\/\/www.egemtv.com\/index.php?rest_route=\/wp\/v2\/types\/post"}],"author":[{"embeddable":true,"href":"https:\/\/www.egemtv.com\/index.php?rest_route=\/wp\/v2\/users\/1"}],"replies":[{"embeddable":true,"href":"https:\/\/www.egemtv.com\/index.php?rest_route=%2Fwp%2Fv2%2Fcomments&post=32985"}],"version-history":[{"count":1,"href":"https:\/\/www.egemtv.com\/index.php?rest_route=\/wp\/v2\/posts\/32985\/revisions"}],"predecessor-version":[{"id":32987,"href":"https:\/\/www.egemtv.com\/index.php?rest_route=\/wp\/v2\/posts\/32985\/revisions\/32987"}],"wp:featuredmedia":[{"embeddable":true,"href":"https:\/\/www.egemtv.com\/index.php?rest_route=\/wp\/v2\/media\/32986"}],"wp:attachment":[{"href":"https:\/\/www.egemtv.com\/index.php?rest_route=%2Fwp%2Fv2%2Fmedia&parent=32985"}],"wp:term":[{"taxonomy":"category","embeddable":true,"href":"https:\/\/www.egemtv.com\/index.php?rest_route=%2Fwp%2Fv2%2Fcategories&post=32985"},{"taxonomy":"post_tag","embeddable":true,"href":"https:\/\/www.egemtv.com\/index.php?rest_route=%2Fwp%2Fv2%2Ftags&post=32985"}],"curies":[{"name":"wp","href":"https:\/\/api.w.org\/{rel}","templated":true}]}}