{"id":32982,"date":"2025-06-04T12:56:34","date_gmt":"2025-06-04T09:56:34","guid":{"rendered":"https:\/\/www.egemtv.com\/?p=32982"},"modified":"2025-06-04T12:56:38","modified_gmt":"2025-06-04T09:56:38","slug":"kutahyada-guvenlik-ve-asayis-toplantisi","status":"publish","type":"post","link":"https:\/\/www.egemtv.com\/?p=32982","title":{"rendered":"K\u00fctahya\u2019da \u2019G\u00fcvenlik ve Asayi\u015f\u2019 toplant\u0131s\u0131"},"content":{"rendered":"<p>K\u00fctahya\u2019da \u0130l G\u00fcvenlik ve Asayi\u015f Toplant\u0131s\u0131, Vali Musa I\u015f\u0131n\u2019\u0131n ba\u015fkanl\u0131\u011f\u0131nda ger\u00e7ekle\u015ftirildi.<br \/>\n<br \/>Toplant\u0131ya Hava Er E\u011fitim Tugay ve Garnizon Komutan\u0131 Hava Tu\u011fgeneral Mustafa Ba\u015f, Vali Yard\u0131mc\u0131s\u0131 Burhanettin Yava\u015fi, il\u00e7e kaymakamlar\u0131, \u0130l Jandarma Komutan\u0131 K\u0131demli Albay Vedat K\u00fclt\u00fcr, \u0130l Emniyet M\u00fcd\u00fcr\u00fc Osman Elbir ile g\u00fcvenlik komisyonu \u00fcyeleri kat\u0131ld\u0131.<br \/>\n<br \/>Toplant\u0131da; uyu\u015fturucu ve ka\u00e7ak\u00e7\u0131l\u0131kla m\u00fccadele, genel asayi\u015f durumu, trafik g\u00fcvenli\u011fi ile yakla\u015fan Kurban Bayram\u0131\u2019nda al\u0131nacak g\u00fcvenlik tedbirleri detayl\u0131 \u015fekilde ele al\u0131nd\u0131. Bayram s\u00fcresince vatanda\u015flar\u0131n huzur ve g\u00fcvenli\u011fini sa\u011flamak amac\u0131yla y\u00fcr\u00fct\u00fclecek denetim ve uygulamalara ili\u015fkin planlamalar g\u00f6zden ge\u00e7irildi.<br \/>\n<br \/>Vali Musa I\u015f\u0131n, vatanda\u015flar\u0131n can ve mal g\u00fcvenli\u011fini sa\u011flamak i\u00e7in emniyet ve jandarma birimlerinin gece g\u00fcnd\u00fcz fedak\u00e2rca \u00e7al\u0131\u015ft\u0131\u011f\u0131n\u0131 vurgulayarak, &#8220;Vatanda\u015flar\u0131m\u0131z\u0131n g\u00fcvenli\u011fi i\u00e7in gece g\u00fcnd\u00fcz demeden \u00e7al\u0131\u015fmaya devam edece\u011fiz&#8221; dedi.<br \/>\n<br \/>I\u015f\u0131n, t\u00fcm g\u00fcvenlik g\u00fc\u00e7lerine gayretli \u00e7al\u0131\u015fmalar\u0131ndan dolay\u0131 te\u015fekk\u00fcr etti.<br \/><\/p>\n","protected":false},"excerpt":{"rendered":"<p>K\u00fctahya\u2019da \u0130l G\u00fcvenlik ve Asayi\u015f Toplant\u0131s\u0131, Vali Musa I\u015f\u0131n\u2019\u0131n ba\u015fkanl\u0131\u011f\u0131nda ger\u00e7ekle\u015ftirildi. Toplant\u0131ya Hava Er E\u011fitim Tugay ve Garnizon Komutan\u0131 Hava Tu\u011fgeneral Mustafa Ba\u015f, Vali Yard\u0131mc\u0131s\u0131 Burhanettin Yava\u015fi, il\u00e7e kaymakamlar\u0131, \u0130l Jandarma Komutan\u0131 K\u0131demli Albay Vedat K\u00fclt\u00fcr, \u0130l Emniyet M\u00fcd\u00fcr\u00fc Osman Elbir ile g\u00fcvenlik komisyonu \u00fcyeleri kat\u0131ld\u0131. Toplant\u0131da; uyu\u015fturucu ve ka\u00e7ak\u00e7\u0131l\u0131kla m\u00fccadele, genel asayi\u015f durumu, trafik&#8230;<\/p>\n","protected":false},"author":1,"featured_media":32983,"comment_status":"open","ping_status":"open","sticky":false,"template":"","format":"standard","meta":{"_crdt_document":"","footnotes":""},"categories":[123],"tags":[],"class_list":["post-32982","post","type-post","status-publish","format-standard","has-post-thumbnail","hentry","category-gundem"],"_links":{"self":[{"href":"https:\/\/www.egemtv.com\/index.php?rest_route=\/wp\/v2\/posts\/32982","targetHints":{"allow":["GET"]}}],"collection":[{"href":"https:\/\/www.egemtv.com\/index.php?rest_route=\/wp\/v2\/posts"}],"about":[{"href":"https:\/\/www.egemtv.com\/index.php?rest_route=\/wp\/v2\/types\/post"}],"author":[{"embeddable":true,"href":"https:\/\/www.egemtv.com\/index.php?rest_route=\/wp\/v2\/users\/1"}],"replies":[{"embeddable":true,"href":"https:\/\/www.egemtv.com\/index.php?rest_route=%2Fwp%2Fv2%2Fcomments&post=32982"}],"version-history":[{"count":1,"href":"https:\/\/www.egemtv.com\/index.php?rest_route=\/wp\/v2\/posts\/32982\/revisions"}],"predecessor-version":[{"id":32984,"href":"https:\/\/www.egemtv.com\/index.php?rest_route=\/wp\/v2\/posts\/32982\/revisions\/32984"}],"wp:featuredmedia":[{"embeddable":true,"href":"https:\/\/www.egemtv.com\/index.php?rest_route=\/wp\/v2\/media\/32983"}],"wp:attachment":[{"href":"https:\/\/www.egemtv.com\/index.php?rest_route=%2Fwp%2Fv2%2Fmedia&parent=32982"}],"wp:term":[{"taxonomy":"category","embeddable":true,"href":"https:\/\/www.egemtv.com\/index.php?rest_route=%2Fwp%2Fv2%2Fcategories&post=32982"},{"taxonomy":"post_tag","embeddable":true,"href":"https:\/\/www.egemtv.com\/index.php?rest_route=%2Fwp%2Fv2%2Ftags&post=32982"}],"curies":[{"name":"wp","href":"https:\/\/api.w.org\/{rel}","templated":true}]}}