{"id":32979,"date":"2025-06-04T12:56:27","date_gmt":"2025-06-04T09:56:27","guid":{"rendered":"https:\/\/www.egemtv.com\/?p=32979"},"modified":"2025-06-04T12:56:33","modified_gmt":"2025-06-04T09:56:33","slug":"soke-mesleki-ve-teknik-anadolu-lisesi-robot-yarismasinda-aydini-temsil-etti","status":"publish","type":"post","link":"https:\/\/www.egemtv.com\/?p=32979","title":{"rendered":"S\u00f6ke Mesleki ve Teknik Anadolu Lisesi, Robot Yar\u0131\u015fmas\u0131\u2019nda Ayd\u0131n\u2019\u0131 temsil etti"},"content":{"rendered":"<p>S\u00f6ke Mesleki ve Teknik Anadolu Lisesi, Robot Yar\u0131\u015fmas\u0131\u2019na Serbest Proje kategorisinde iki ve Otonom Ara\u00e7 kategorisinde bir proje ile kat\u0131larak Ayd\u0131n\u2019\u0131 ba\u015far\u0131yla temsil etti.<\/p>\n<p>Mill\u00ee E\u011fitim Bakanl\u0131\u011f\u0131 taraf\u0131ndan bu y\u0131l 17\u2019ncisi d\u00fczenlenen Uluslararas\u0131 MEB Robot Yar\u0131\u015fmas\u0131, 21-24 May\u0131s 2025 tarihleri aras\u0131nda Kayseri\u2019de ger\u00e7ekle\u015ftirildi. T\u00fcrkiye\u2019nin 81 ilinden ve 14 farkl\u0131 \u00fclkeden toplam 10 bin 508 kat\u0131l\u0131mc\u0131n\u0131n yer ald\u0131\u011f\u0131 yar\u0131\u015fmada 3 bin 903 proje sergilendi. Robotik, yapay zek\u00e2 ve ak\u0131ll\u0131 sistemler alan\u0131nda gen\u00e7lerin yeteneklerini sergiledi\u011fi bu b\u00fcy\u00fck organizasyonda, S\u00f6ke Mesleki ve Teknik Anadolu Lisesi de dikkat \u00e7eken ba\u015far\u0131lara imza att\u0131.<\/p>\n<p>Serbest Proje Kategorisinde 29.\u2019luk: &#8220;G\u00fcvenli Ara\u00e7 Kiti&#8221;<br \/>\n<br \/>Geli\u015ftirilen bu projede, ara\u00e7 i\u00e7ine yerle\u015ftirilen alkol sens\u00f6rleri sayesinde s\u00fcr\u00fcc\u00fcn\u00fcn alkoll\u00fc olmas\u0131 durumunda arac\u0131n \u00e7al\u0131\u015fmas\u0131 otomatik olarak engelleniyor. Ayr\u0131ca \u0131s\u0131 ve hava kalitesi gibi \u00e7evresel fakt\u00f6rler s\u00fcrekli izlenerek, e\u015fik de\u011ferler a\u015f\u0131ld\u0131\u011f\u0131nda g\u00f6rsel ve sesli uyar\u0131larla s\u00fcr\u00fcc\u00fc bilgilendiriliyor. Trafik g\u00fcvenli\u011fine katk\u0131 sunmay\u0131 ama\u00e7layan bu sistem, j\u00fcriden b\u00fcy\u00fck be\u011feni toplad\u0131.<\/p>\n<p>Serbest Proje Kategorisinde 38.\u2019lik: &#8220;Sa\u011fl\u0131k Takip Bilekli\u011fi&#8221;<br \/>\n<br \/>Epilepsi ve panik atak hastalar\u0131na y\u00f6nelik geli\u015ftirilen bu \u00f6zel bileklik, n\u00f6bet \u00f6ncesi ortaya \u00e7\u0131kabilecek fizyolojik belirtileri sens\u00f6rler arac\u0131l\u0131\u011f\u0131yla tespit ediyor. Muhtemel bir atak durumunda hem kullan\u0131c\u0131ya hem de tan\u0131ml\u0131 yak\u0131nlara an\u0131nda bildirim g\u00f6nderiliyor. Bu proje, giyilebilir teknolojiyle sa\u011fl\u0131k alan\u0131n\u0131 bulu\u015fturmas\u0131yla \u00f6ne \u00e7\u0131kt\u0131.<\/p>\n<p>&#8220;Otonom Ara\u00e7 Kategorisinde 35.\u2019lik&#8221;<br \/>\n<br \/>Otonom Ara\u00e7 kategorisinde yar\u0131\u015fan okul ekibi, \u00e7izgi takip, nesne alg\u0131lama ve engel a\u015fma gibi g\u00f6revleri ba\u015far\u0131yla yerine getiren bir ak\u0131ll\u0131 ara\u00e7 geli\u015ftirdi. Geli\u015ftirilen ara\u00e7, s\u00fcr\u00fcc\u00fcs\u00fcz otomobillerin temel yap\u0131 ta\u015flar\u0131n\u0131 olu\u015fturan bir\u00e7ok algoritmay\u0131 uygulayarak dikkat \u00e7ekti.<\/p>\n<p>Projelerin geli\u015ftirilme s\u00fcrecinde dan\u0131\u015fman \u00f6\u011fretmenler Sinem G\u00fcraslan ve H\u00fcrg\u00fcn Gerg\u00fcn\u2019\u00fcn rehberli\u011finde \u00e7al\u0131\u015fan \u00f6\u011frenciler, \u00f6zverili \u00e7al\u0131\u015fmalar\u0131yla \u00f6nemli bir ba\u015far\u0131ya imza att\u0131.<br \/>\n<br \/>S\u00f6ke Mesleki ve Teknik Anadolu Lisesi M\u00fcd\u00fcr\u00fc Ali Keskin, yar\u0131\u015fma sonras\u0131nda yapt\u0131\u011f\u0131 a\u00e7\u0131klamada; &#8220;Bu t\u00fcr ulusal ve uluslararas\u0131 yar\u0131\u015fmalarda \u00f6\u011frencilerimizin bilimsel ve teknolojik projelerle yer almas\u0131, hem bireysel geli\u015fimleri hem de \u00fclkemizin gelece\u011fi a\u00e7\u0131s\u0131ndan b\u00fcy\u00fck \u00f6nem ta\u015f\u0131yor. Eme\u011fi ge\u00e7en t\u00fcm \u00f6\u011fretmen ve \u00f6\u011frencilerimizi y\u00fcrekten kutluyorum&#8221; dedi.<br \/><\/p>\n","protected":false},"excerpt":{"rendered":"<p>S\u00f6ke Mesleki ve Teknik Anadolu Lisesi, Robot Yar\u0131\u015fmas\u0131\u2019na Serbest Proje kategorisinde iki ve Otonom Ara\u00e7 kategorisinde bir proje ile kat\u0131larak Ayd\u0131n\u2019\u0131 ba\u015far\u0131yla temsil etti. Mill\u00ee E\u011fitim Bakanl\u0131\u011f\u0131 taraf\u0131ndan bu y\u0131l 17\u2019ncisi d\u00fczenlenen Uluslararas\u0131 MEB Robot Yar\u0131\u015fmas\u0131, 21-24 May\u0131s 2025 tarihleri aras\u0131nda Kayseri\u2019de ger\u00e7ekle\u015ftirildi. T\u00fcrkiye\u2019nin 81 ilinden ve 14 farkl\u0131 \u00fclkeden toplam 10 bin 508 kat\u0131l\u0131mc\u0131n\u0131n&#8230;<\/p>\n","protected":false},"author":1,"featured_media":32980,"comment_status":"open","ping_status":"open","sticky":false,"template":"","format":"standard","meta":{"_crdt_document":"","footnotes":""},"categories":[1],"tags":[],"class_list":["post-32979","post","type-post","status-publish","format-standard","has-post-thumbnail","hentry","category-guncel"],"_links":{"self":[{"href":"https:\/\/www.egemtv.com\/index.php?rest_route=\/wp\/v2\/posts\/32979","targetHints":{"allow":["GET"]}}],"collection":[{"href":"https:\/\/www.egemtv.com\/index.php?rest_route=\/wp\/v2\/posts"}],"about":[{"href":"https:\/\/www.egemtv.com\/index.php?rest_route=\/wp\/v2\/types\/post"}],"author":[{"embeddable":true,"href":"https:\/\/www.egemtv.com\/index.php?rest_route=\/wp\/v2\/users\/1"}],"replies":[{"embeddable":true,"href":"https:\/\/www.egemtv.com\/index.php?rest_route=%2Fwp%2Fv2%2Fcomments&post=32979"}],"version-history":[{"count":1,"href":"https:\/\/www.egemtv.com\/index.php?rest_route=\/wp\/v2\/posts\/32979\/revisions"}],"predecessor-version":[{"id":32981,"href":"https:\/\/www.egemtv.com\/index.php?rest_route=\/wp\/v2\/posts\/32979\/revisions\/32981"}],"wp:featuredmedia":[{"embeddable":true,"href":"https:\/\/www.egemtv.com\/index.php?rest_route=\/wp\/v2\/media\/32980"}],"wp:attachment":[{"href":"https:\/\/www.egemtv.com\/index.php?rest_route=%2Fwp%2Fv2%2Fmedia&parent=32979"}],"wp:term":[{"taxonomy":"category","embeddable":true,"href":"https:\/\/www.egemtv.com\/index.php?rest_route=%2Fwp%2Fv2%2Fcategories&post=32979"},{"taxonomy":"post_tag","embeddable":true,"href":"https:\/\/www.egemtv.com\/index.php?rest_route=%2Fwp%2Fv2%2Ftags&post=32979"}],"curies":[{"name":"wp","href":"https:\/\/api.w.org\/{rel}","templated":true}]}}