{"id":32976,"date":"2025-06-04T12:56:22","date_gmt":"2025-06-04T09:56:22","guid":{"rendered":"https:\/\/www.egemtv.com\/?p=32976"},"modified":"2025-06-04T12:56:26","modified_gmt":"2025-06-04T09:56:26","slug":"muglada-ogrenciler-dogayla-bulusuyor","status":"publish","type":"post","link":"https:\/\/www.egemtv.com\/?p=32976","title":{"rendered":"Mu\u011fla\u2019da \u00f6\u011frenciler do\u011fayla bulu\u015fuyor"},"content":{"rendered":"<p>Mu\u011fla\u2019da \u00e7evre bilincini ve s\u00fcrd\u00fcr\u00fclebilirlik fark\u0131ndal\u0131\u011f\u0131n\u0131 art\u0131rmak amac\u0131yla hayata ge\u00e7irilen \u00f6rnek projelerden biri olan AGRO K\u00fct\u00fcphane, \u015eehit \u0130brahim Karao\u011flano\u011flu Ortaokulu\u2019nda \u00f6\u011frencilerle bulu\u015ftu.<\/p>\n<p>Teknoloji ve Tasar\u0131m \u00d6\u011fretmeni Necibe Turgut ve \u00f6\u011frencileri taraf\u0131ndan olu\u015fturulan proje, do\u011fayla i\u00e7 i\u00e7e bir \u00f6\u011frenme ortam\u0131 sunarak \u00f6\u011frencilere tar\u0131m, hayvanc\u0131l\u0131k, biyo\u00e7e\u015fitlilik, geri d\u00f6n\u00fc\u015f\u00fcm ve \u00e7evresel s\u00fcrd\u00fcr\u00fclebilirlik konular\u0131nda fark\u0131ndal\u0131k kazand\u0131rmay\u0131 ama\u00e7l\u0131yor.<\/p>\n<p>Proje kapsam\u0131nda olu\u015fturulan AGRO K\u00fct\u00fcphane b\u00fcnyesinde, \u00f6\u011frencilerin ilgisini \u00e7ekecek pek \u00e7ok etkinlik ve materyal yer al\u0131yor. D\u00fczenlenen etkinliklerle \u00e7evreye duyarl\u0131 yay\u0131nlarla \u00f6\u011frencilerin ekolojik okuryazarl\u0131\u011f\u0131 art\u0131r\u0131l\u0131yor, \u00f6\u011frencilerin, b\u00f6lgeye \u00f6zg\u00fc bitki t\u00fcrlerini tan\u0131ma ve s\u0131n\u0131fland\u0131rma f\u0131rsat\u0131 buluyor.<\/p>\n<p>\u00d6\u011frencilerin hem teorik bilgi hem de uygulamal\u0131 \u00e7al\u0131\u015fmalarla do\u011fa dostu bireyler olarak yeti\u015fmesine katk\u0131 sa\u011flayan bu anlaml\u0131 proje, okul y\u00f6netimi, \u00f6\u011fretmenler ve velilerden de b\u00fcy\u00fck destek g\u00f6r\u00fcrken, AGRO K\u00fct\u00fcphane\u2019nin geli\u015ferek daha fazla \u00f6\u011frenciye ula\u015fmas\u0131n\u0131n hedeflendi\u011fi belirtildi.<br \/><\/p>\n","protected":false},"excerpt":{"rendered":"<p>Mu\u011fla\u2019da \u00e7evre bilincini ve s\u00fcrd\u00fcr\u00fclebilirlik fark\u0131ndal\u0131\u011f\u0131n\u0131 art\u0131rmak amac\u0131yla hayata ge\u00e7irilen \u00f6rnek projelerden biri olan AGRO K\u00fct\u00fcphane, \u015eehit \u0130brahim Karao\u011flano\u011flu Ortaokulu\u2019nda \u00f6\u011frencilerle bulu\u015ftu. Teknoloji ve Tasar\u0131m \u00d6\u011fretmeni Necibe Turgut ve \u00f6\u011frencileri taraf\u0131ndan olu\u015fturulan proje, do\u011fayla i\u00e7 i\u00e7e bir \u00f6\u011frenme ortam\u0131 sunarak \u00f6\u011frencilere tar\u0131m, hayvanc\u0131l\u0131k, biyo\u00e7e\u015fitlilik, geri d\u00f6n\u00fc\u015f\u00fcm ve \u00e7evresel s\u00fcrd\u00fcr\u00fclebilirlik konular\u0131nda fark\u0131ndal\u0131k kazand\u0131rmay\u0131 ama\u00e7l\u0131yor. Proje kapsam\u0131nda&#8230;<\/p>\n","protected":false},"author":1,"featured_media":32977,"comment_status":"open","ping_status":"open","sticky":false,"template":"","format":"standard","meta":{"_crdt_document":"","footnotes":""},"categories":[1],"tags":[],"class_list":["post-32976","post","type-post","status-publish","format-standard","has-post-thumbnail","hentry","category-guncel"],"_links":{"self":[{"href":"https:\/\/www.egemtv.com\/index.php?rest_route=\/wp\/v2\/posts\/32976","targetHints":{"allow":["GET"]}}],"collection":[{"href":"https:\/\/www.egemtv.com\/index.php?rest_route=\/wp\/v2\/posts"}],"about":[{"href":"https:\/\/www.egemtv.com\/index.php?rest_route=\/wp\/v2\/types\/post"}],"author":[{"embeddable":true,"href":"https:\/\/www.egemtv.com\/index.php?rest_route=\/wp\/v2\/users\/1"}],"replies":[{"embeddable":true,"href":"https:\/\/www.egemtv.com\/index.php?rest_route=%2Fwp%2Fv2%2Fcomments&post=32976"}],"version-history":[{"count":1,"href":"https:\/\/www.egemtv.com\/index.php?rest_route=\/wp\/v2\/posts\/32976\/revisions"}],"predecessor-version":[{"id":32978,"href":"https:\/\/www.egemtv.com\/index.php?rest_route=\/wp\/v2\/posts\/32976\/revisions\/32978"}],"wp:featuredmedia":[{"embeddable":true,"href":"https:\/\/www.egemtv.com\/index.php?rest_route=\/wp\/v2\/media\/32977"}],"wp:attachment":[{"href":"https:\/\/www.egemtv.com\/index.php?rest_route=%2Fwp%2Fv2%2Fmedia&parent=32976"}],"wp:term":[{"taxonomy":"category","embeddable":true,"href":"https:\/\/www.egemtv.com\/index.php?rest_route=%2Fwp%2Fv2%2Fcategories&post=32976"},{"taxonomy":"post_tag","embeddable":true,"href":"https:\/\/www.egemtv.com\/index.php?rest_route=%2Fwp%2Fv2%2Ftags&post=32976"}],"curies":[{"name":"wp","href":"https:\/\/api.w.org\/{rel}","templated":true}]}}