{"id":32973,"date":"2025-06-04T12:36:10","date_gmt":"2025-06-04T09:36:10","guid":{"rendered":"https:\/\/www.egemtv.com\/?p=32973"},"modified":"2025-06-04T12:36:14","modified_gmt":"2025-06-04T09:36:14","slug":"kutahyada-genclik-merkezi-olarak-restorasyonu-suren-tarihi-konakta-inceleme","status":"publish","type":"post","link":"https:\/\/www.egemtv.com\/?p=32973","title":{"rendered":"K\u00fctahya\u2019da Gen\u00e7lik Merkezi olarak restorasyonu s\u00fcren tarihi konakta inceleme"},"content":{"rendered":"<p>K\u00fctahya Valisi Musa I\u015f\u0131n, Gen\u00e7lik ve Spor Bakanl\u0131\u011f\u0131 ile Spor Toto Te\u015fkilat Ba\u015fkanl\u0131\u011f\u0131 aras\u0131nda imzalanan protokol \u00e7er\u00e7evesinde gen\u00e7lik merkezi olarak hizmet vermesi planlanan tarihi konakta devam eden restorasyon \u00e7al\u0131\u015fmalar\u0131n\u0131 yerinde inceledi.<br \/>\n<br \/>\u0130ncelemelere \u0130l \u00d6zel \u0130daresi Genel Sekreteri M\u00fccahit Eracar, \u0130l M\u00fcft\u00fcs\u00fc Dr. \u0130rfan A\u00e7\u0131k ve ilgili kurum yetkilileri de e\u015flik etti. Heyet, y\u00fcr\u00fct\u00fclen \u00e7al\u0131\u015fmalarla ilgili detayl\u0131 bilgilendirme sunarak restorasyon s\u00fcrecinin ilerleyi\u015fi hakk\u0131nda bilgi verdi.<br \/>\n<br \/>Vali Musa I\u015f\u0131n, tarihi kona\u011f\u0131n gen\u00e7lik merkezi olarak hizmete a\u00e7\u0131lmas\u0131yla birlikte K\u00fctahya gen\u00e7li\u011fi i\u00e7in \u00f6nemli bir sosyal ve k\u00fclt\u00fcrel kazan\u0131m sa\u011flanaca\u011f\u0131n\u0131 belirtti. \u00c7al\u0131\u015fmalar\u0131n titizlikle y\u00fcr\u00fct\u00fclmesinden duydu\u011fu memnuniyeti ifade eden I\u015f\u0131n, projede eme\u011fi ge\u00e7en herkese te\u015fekk\u00fcr etti.<br \/><\/p>\n","protected":false},"excerpt":{"rendered":"<p>K\u00fctahya Valisi Musa I\u015f\u0131n, Gen\u00e7lik ve Spor Bakanl\u0131\u011f\u0131 ile Spor Toto Te\u015fkilat Ba\u015fkanl\u0131\u011f\u0131 aras\u0131nda imzalanan protokol \u00e7er\u00e7evesinde gen\u00e7lik merkezi olarak hizmet vermesi planlanan tarihi konakta devam eden restorasyon \u00e7al\u0131\u015fmalar\u0131n\u0131 yerinde inceledi. \u0130ncelemelere \u0130l \u00d6zel \u0130daresi Genel Sekreteri M\u00fccahit Eracar, \u0130l M\u00fcft\u00fcs\u00fc Dr. \u0130rfan A\u00e7\u0131k ve ilgili kurum yetkilileri de e\u015flik etti. Heyet, y\u00fcr\u00fct\u00fclen \u00e7al\u0131\u015fmalarla ilgili&#8230;<\/p>\n","protected":false},"author":1,"featured_media":32974,"comment_status":"open","ping_status":"open","sticky":false,"template":"","format":"standard","meta":{"_crdt_document":"","footnotes":""},"categories":[1],"tags":[],"class_list":["post-32973","post","type-post","status-publish","format-standard","has-post-thumbnail","hentry","category-guncel"],"_links":{"self":[{"href":"https:\/\/www.egemtv.com\/index.php?rest_route=\/wp\/v2\/posts\/32973","targetHints":{"allow":["GET"]}}],"collection":[{"href":"https:\/\/www.egemtv.com\/index.php?rest_route=\/wp\/v2\/posts"}],"about":[{"href":"https:\/\/www.egemtv.com\/index.php?rest_route=\/wp\/v2\/types\/post"}],"author":[{"embeddable":true,"href":"https:\/\/www.egemtv.com\/index.php?rest_route=\/wp\/v2\/users\/1"}],"replies":[{"embeddable":true,"href":"https:\/\/www.egemtv.com\/index.php?rest_route=%2Fwp%2Fv2%2Fcomments&post=32973"}],"version-history":[{"count":1,"href":"https:\/\/www.egemtv.com\/index.php?rest_route=\/wp\/v2\/posts\/32973\/revisions"}],"predecessor-version":[{"id":32975,"href":"https:\/\/www.egemtv.com\/index.php?rest_route=\/wp\/v2\/posts\/32973\/revisions\/32975"}],"wp:featuredmedia":[{"embeddable":true,"href":"https:\/\/www.egemtv.com\/index.php?rest_route=\/wp\/v2\/media\/32974"}],"wp:attachment":[{"href":"https:\/\/www.egemtv.com\/index.php?rest_route=%2Fwp%2Fv2%2Fmedia&parent=32973"}],"wp:term":[{"taxonomy":"category","embeddable":true,"href":"https:\/\/www.egemtv.com\/index.php?rest_route=%2Fwp%2Fv2%2Fcategories&post=32973"},{"taxonomy":"post_tag","embeddable":true,"href":"https:\/\/www.egemtv.com\/index.php?rest_route=%2Fwp%2Fv2%2Ftags&post=32973"}],"curies":[{"name":"wp","href":"https:\/\/api.w.org\/{rel}","templated":true}]}}