{"id":32970,"date":"2025-06-04T12:36:07","date_gmt":"2025-06-04T09:36:07","guid":{"rendered":"https:\/\/www.egemtv.com\/?p=32970"},"modified":"2025-06-04T12:36:10","modified_gmt":"2025-06-04T09:36:10","slug":"simavda-bayan-kuran-kursu-ogreticilerine-seminer","status":"publish","type":"post","link":"https:\/\/www.egemtv.com\/?p=32970","title":{"rendered":"Simav\u2019da bayan Kur\u2019an kursu \u00f6\u011freticilerine seminer"},"content":{"rendered":"<p>Simav \u0130l\u00e7e M\u00fcft\u00fcl\u00fc\u011f\u00fcne ba\u011fl\u0131 Kur\u2019an kurslar\u0131nda g\u00f6rev yapan bayan \u00f6\u011freticilere, Yaz Kur\u2019an Kurslar\u0131, \u00e7ocuk sa\u011fl\u0131\u011f\u0131 ve ilkyard\u0131m konular\u0131nda seminer verildi\u011fi bildirildi.<br \/>\n<br \/>Kaymakaml\u0131k Konferans Salonunda ger\u00e7ekle\u015ftirilen seminerde, \u0130l\u00e7e M\u00fcft\u00fc Vekili Hakk\u0131 Bal\u0131, okullar\u0131n kapanmas\u0131n\u0131n ard\u0131ndan a\u00e7\u0131lacak olan Yaz Kur\u2019an Kurslar\u0131 hakk\u0131nda bilgi verdi. \u0130l\u00e7e Sa\u011fl\u0131k M\u00fcd\u00fcrl\u00fc\u011f\u00fc personelleri de Kur\u2019an Kursu \u00f6\u011freticilerine \u00e7ocuk sa\u011fl\u0131\u011f\u0131 ve ilkyard\u0131m konular\u0131nda e\u011fitim verdiler.<br \/><\/p>\n","protected":false},"excerpt":{"rendered":"<p>Simav \u0130l\u00e7e M\u00fcft\u00fcl\u00fc\u011f\u00fcne ba\u011fl\u0131 Kur\u2019an kurslar\u0131nda g\u00f6rev yapan bayan \u00f6\u011freticilere, Yaz Kur\u2019an Kurslar\u0131, \u00e7ocuk sa\u011fl\u0131\u011f\u0131 ve ilkyard\u0131m konular\u0131nda seminer verildi\u011fi bildirildi. Kaymakaml\u0131k Konferans Salonunda ger\u00e7ekle\u015ftirilen seminerde, \u0130l\u00e7e M\u00fcft\u00fc Vekili Hakk\u0131 Bal\u0131, okullar\u0131n kapanmas\u0131n\u0131n ard\u0131ndan a\u00e7\u0131lacak olan Yaz Kur\u2019an Kurslar\u0131 hakk\u0131nda bilgi verdi. \u0130l\u00e7e Sa\u011fl\u0131k M\u00fcd\u00fcrl\u00fc\u011f\u00fc personelleri de Kur\u2019an Kursu \u00f6\u011freticilerine \u00e7ocuk sa\u011fl\u0131\u011f\u0131 ve ilkyard\u0131m konular\u0131nda&#8230;<\/p>\n","protected":false},"author":1,"featured_media":32971,"comment_status":"open","ping_status":"open","sticky":false,"template":"","format":"standard","meta":{"_crdt_document":"","footnotes":""},"categories":[1],"tags":[],"class_list":["post-32970","post","type-post","status-publish","format-standard","has-post-thumbnail","hentry","category-guncel"],"_links":{"self":[{"href":"https:\/\/www.egemtv.com\/index.php?rest_route=\/wp\/v2\/posts\/32970","targetHints":{"allow":["GET"]}}],"collection":[{"href":"https:\/\/www.egemtv.com\/index.php?rest_route=\/wp\/v2\/posts"}],"about":[{"href":"https:\/\/www.egemtv.com\/index.php?rest_route=\/wp\/v2\/types\/post"}],"author":[{"embeddable":true,"href":"https:\/\/www.egemtv.com\/index.php?rest_route=\/wp\/v2\/users\/1"}],"replies":[{"embeddable":true,"href":"https:\/\/www.egemtv.com\/index.php?rest_route=%2Fwp%2Fv2%2Fcomments&post=32970"}],"version-history":[{"count":1,"href":"https:\/\/www.egemtv.com\/index.php?rest_route=\/wp\/v2\/posts\/32970\/revisions"}],"predecessor-version":[{"id":32972,"href":"https:\/\/www.egemtv.com\/index.php?rest_route=\/wp\/v2\/posts\/32970\/revisions\/32972"}],"wp:featuredmedia":[{"embeddable":true,"href":"https:\/\/www.egemtv.com\/index.php?rest_route=\/wp\/v2\/media\/32971"}],"wp:attachment":[{"href":"https:\/\/www.egemtv.com\/index.php?rest_route=%2Fwp%2Fv2%2Fmedia&parent=32970"}],"wp:term":[{"taxonomy":"category","embeddable":true,"href":"https:\/\/www.egemtv.com\/index.php?rest_route=%2Fwp%2Fv2%2Fcategories&post=32970"},{"taxonomy":"post_tag","embeddable":true,"href":"https:\/\/www.egemtv.com\/index.php?rest_route=%2Fwp%2Fv2%2Ftags&post=32970"}],"curies":[{"name":"wp","href":"https:\/\/api.w.org\/{rel}","templated":true}]}}