{"id":32967,"date":"2025-06-04T12:36:03","date_gmt":"2025-06-04T09:36:03","guid":{"rendered":"https:\/\/www.egemtv.com\/?p=32967"},"modified":"2025-06-04T12:36:07","modified_gmt":"2025-06-04T09:36:07","slug":"kutahyada-sabah-namazi-bulusmasi-ve-tarih-gezisi","status":"publish","type":"post","link":"https:\/\/www.egemtv.com\/?p=32967","title":{"rendered":"K\u00fctahya\u2019da sabah namaz\u0131 bulu\u015fmas\u0131 ve tarih gezisi"},"content":{"rendered":"<p>K\u00fctahya \u0130l M\u00fcft\u00fcl\u00fc\u011f\u00fc taraf\u0131ndan her hafta d\u00fczenlenen geleneksel sabah namaz\u0131 bulu\u015fmalar\u0131, yo\u011fun kat\u0131l\u0131mla ger\u00e7ekle\u015fti. Bu haftaki bulu\u015fmaya, Dini \u0130htisas Merkezi e\u011fitim g\u00f6revlileri ile aday din g\u00f6revlileri de i\u015ftirak etti.<br \/>\n<br \/>Ulu Camii\u2019nde k\u0131l\u0131nan sabah namaz\u0131n\u0131n ard\u0131ndan yap\u0131lan tesbihat, sohbet ve dua program\u0131, manevi atmosferi daha da g\u00fc\u00e7lendirdi. Program\u0131n sonunda kat\u0131l\u0131mc\u0131lara K\u00fctahya \u0130l M\u00fcft\u00fcl\u00fc\u011f\u00fc taraf\u0131ndan \u00e7orba ve ekmek ikram\u0131 yap\u0131ld\u0131.<br \/>\n<br \/>Namaz program\u0131n\u0131n ard\u0131ndan, Mekke Camii \u0130mam-Hatibi Murat Oru\u00e7 rehberli\u011finde mini bir K\u00fctahya tarihi gezisi d\u00fczenlendi. Kat\u0131l\u0131mc\u0131lar s\u0131ras\u0131yla Ulu Camii, D\u00f6nenler Camii ve Mevlevihanesi, Pa\u015fam Sultan T\u00fcrbesi, \u0130shak Fakih Camii ve K\u00fclliyesi, Saman Pazar\u0131, Sadettin Camii (Hezar Dinari Mescidi), Germiyan Sokak, Karadonlu Mescidi ve Ahteri T\u00fcrbesi\u2019ni ziyaret etti.<br \/>\n<br \/>Hem manevi hem k\u00fclt\u00fcrel y\u00f6n\u00fcyle zengin ge\u00e7en program, kat\u0131l\u0131mc\u0131lardan b\u00fcy\u00fck ilgi g\u00f6rd\u00fc.<br \/><\/p>\n","protected":false},"excerpt":{"rendered":"<p>K\u00fctahya \u0130l M\u00fcft\u00fcl\u00fc\u011f\u00fc taraf\u0131ndan her hafta d\u00fczenlenen geleneksel sabah namaz\u0131 bulu\u015fmalar\u0131, yo\u011fun kat\u0131l\u0131mla ger\u00e7ekle\u015fti. Bu haftaki bulu\u015fmaya, Dini \u0130htisas Merkezi e\u011fitim g\u00f6revlileri ile aday din g\u00f6revlileri de i\u015ftirak etti. Ulu Camii\u2019nde k\u0131l\u0131nan sabah namaz\u0131n\u0131n ard\u0131ndan yap\u0131lan tesbihat, sohbet ve dua program\u0131, manevi atmosferi daha da g\u00fc\u00e7lendirdi. Program\u0131n sonunda kat\u0131l\u0131mc\u0131lara K\u00fctahya \u0130l M\u00fcft\u00fcl\u00fc\u011f\u00fc taraf\u0131ndan \u00e7orba ve&#8230;<\/p>\n","protected":false},"author":1,"featured_media":32968,"comment_status":"open","ping_status":"open","sticky":false,"template":"","format":"standard","meta":{"_crdt_document":"","footnotes":""},"categories":[123],"tags":[],"class_list":["post-32967","post","type-post","status-publish","format-standard","has-post-thumbnail","hentry","category-gundem"],"_links":{"self":[{"href":"https:\/\/www.egemtv.com\/index.php?rest_route=\/wp\/v2\/posts\/32967","targetHints":{"allow":["GET"]}}],"collection":[{"href":"https:\/\/www.egemtv.com\/index.php?rest_route=\/wp\/v2\/posts"}],"about":[{"href":"https:\/\/www.egemtv.com\/index.php?rest_route=\/wp\/v2\/types\/post"}],"author":[{"embeddable":true,"href":"https:\/\/www.egemtv.com\/index.php?rest_route=\/wp\/v2\/users\/1"}],"replies":[{"embeddable":true,"href":"https:\/\/www.egemtv.com\/index.php?rest_route=%2Fwp%2Fv2%2Fcomments&post=32967"}],"version-history":[{"count":1,"href":"https:\/\/www.egemtv.com\/index.php?rest_route=\/wp\/v2\/posts\/32967\/revisions"}],"predecessor-version":[{"id":32969,"href":"https:\/\/www.egemtv.com\/index.php?rest_route=\/wp\/v2\/posts\/32967\/revisions\/32969"}],"wp:featuredmedia":[{"embeddable":true,"href":"https:\/\/www.egemtv.com\/index.php?rest_route=\/wp\/v2\/media\/32968"}],"wp:attachment":[{"href":"https:\/\/www.egemtv.com\/index.php?rest_route=%2Fwp%2Fv2%2Fmedia&parent=32967"}],"wp:term":[{"taxonomy":"category","embeddable":true,"href":"https:\/\/www.egemtv.com\/index.php?rest_route=%2Fwp%2Fv2%2Fcategories&post=32967"},{"taxonomy":"post_tag","embeddable":true,"href":"https:\/\/www.egemtv.com\/index.php?rest_route=%2Fwp%2Fv2%2Ftags&post=32967"}],"curies":[{"name":"wp","href":"https:\/\/api.w.org\/{rel}","templated":true}]}}