{"id":32964,"date":"2025-06-04T12:16:39","date_gmt":"2025-06-04T09:16:39","guid":{"rendered":"https:\/\/www.egemtv.com\/?p=32964"},"modified":"2025-06-04T12:16:44","modified_gmt":"2025-06-04T09:16:44","slug":"aydin-jandarmasindan-bayram-oncesi-trafik-bilgilendirmesi","status":"publish","type":"post","link":"https:\/\/www.egemtv.com\/?p=32964","title":{"rendered":"Ayd\u0131n jandarmas\u0131ndan bayram \u00f6ncesi trafik bilgilendirmesi"},"content":{"rendered":"<p>Ayd\u0131n\u2019da Kurban Bayram\u0131 \u00f6ncesi trafik g\u00fcvenli\u011fini sa\u011flamak amac\u0131yla Buharkent, Didim ve Efeler \u0130l\u00e7e Jandarma Komutanl\u0131klar\u0131 taraf\u0131ndan vatanda\u015flara y\u00f6nelik bilgilendirme faaliyetleri ger\u00e7ekle\u015ftirildi.<\/p>\n<p>Kurban Bayram\u0131 trafik tedbirleri kapsam\u0131nda; Buharkent \u0130l\u00e7esi K\u0131z\u0131ldere Mahallesi, Didim \u0130l\u00e7esi Ye\u015filtepe Yol Kontrol Noktas\u0131 ve Efeler \u0130l\u00e7esi I\u015f\u0131kl\u0131 Mahallesi KYK Yurtlar B\u00f6lgesinde toplam 315 vatanda\u015fa bilgilendirme yap\u0131ld\u0131. \u2019Bir Kural Bir \u00d6m\u00fcr\u2019 ve \u2019Yolun Sonu Bayram Olsun\u2019 mottolar\u0131 \u00e7er\u00e7evesinde s\u00fcr\u00fcc\u00fclere; a\u015f\u0131r\u0131 h\u0131z yapmamalar\u0131, uykusuz ve yorgun ara\u00e7 kullanmamalar\u0131, cep telefonunu ele alarak kullanmamalar\u0131, hatal\u0131 sollama yapmamalar\u0131, genel trafik kurallar\u0131na uymalar\u0131, emniyet kemeri kullan\u0131m\u0131n\u0131n \u00f6nemi gibi konularda uyar\u0131larda bulunuldu.<\/p>\n<p>Jandarma ekipleri, vatanda\u015flar\u0131n bayrama sa\u011fl\u0131kla ve huzurla ula\u015fabilmeleri i\u00e7in benzeri denetim ve bilgilendirme \u00e7al\u0131\u015fmalar\u0131n\u0131n bayram s\u00fcresince de devam edece\u011fini bildirdi.<br \/><\/p>\n","protected":false},"excerpt":{"rendered":"<p>Ayd\u0131n\u2019da Kurban Bayram\u0131 \u00f6ncesi trafik g\u00fcvenli\u011fini sa\u011flamak amac\u0131yla Buharkent, Didim ve Efeler \u0130l\u00e7e Jandarma Komutanl\u0131klar\u0131 taraf\u0131ndan vatanda\u015flara y\u00f6nelik bilgilendirme faaliyetleri ger\u00e7ekle\u015ftirildi. Kurban Bayram\u0131 trafik tedbirleri kapsam\u0131nda; Buharkent \u0130l\u00e7esi K\u0131z\u0131ldere Mahallesi, Didim \u0130l\u00e7esi Ye\u015filtepe Yol Kontrol Noktas\u0131 ve Efeler \u0130l\u00e7esi I\u015f\u0131kl\u0131 Mahallesi KYK Yurtlar B\u00f6lgesinde toplam 315 vatanda\u015fa bilgilendirme yap\u0131ld\u0131. \u2019Bir Kural Bir \u00d6m\u00fcr\u2019 ve \u2019Yolun&#8230;<\/p>\n","protected":false},"author":1,"featured_media":32965,"comment_status":"open","ping_status":"open","sticky":false,"template":"","format":"standard","meta":{"_crdt_document":"","footnotes":""},"categories":[1],"tags":[],"class_list":["post-32964","post","type-post","status-publish","format-standard","has-post-thumbnail","hentry","category-guncel"],"_links":{"self":[{"href":"https:\/\/www.egemtv.com\/index.php?rest_route=\/wp\/v2\/posts\/32964","targetHints":{"allow":["GET"]}}],"collection":[{"href":"https:\/\/www.egemtv.com\/index.php?rest_route=\/wp\/v2\/posts"}],"about":[{"href":"https:\/\/www.egemtv.com\/index.php?rest_route=\/wp\/v2\/types\/post"}],"author":[{"embeddable":true,"href":"https:\/\/www.egemtv.com\/index.php?rest_route=\/wp\/v2\/users\/1"}],"replies":[{"embeddable":true,"href":"https:\/\/www.egemtv.com\/index.php?rest_route=%2Fwp%2Fv2%2Fcomments&post=32964"}],"version-history":[{"count":1,"href":"https:\/\/www.egemtv.com\/index.php?rest_route=\/wp\/v2\/posts\/32964\/revisions"}],"predecessor-version":[{"id":32966,"href":"https:\/\/www.egemtv.com\/index.php?rest_route=\/wp\/v2\/posts\/32964\/revisions\/32966"}],"wp:featuredmedia":[{"embeddable":true,"href":"https:\/\/www.egemtv.com\/index.php?rest_route=\/wp\/v2\/media\/32965"}],"wp:attachment":[{"href":"https:\/\/www.egemtv.com\/index.php?rest_route=%2Fwp%2Fv2%2Fmedia&parent=32964"}],"wp:term":[{"taxonomy":"category","embeddable":true,"href":"https:\/\/www.egemtv.com\/index.php?rest_route=%2Fwp%2Fv2%2Fcategories&post=32964"},{"taxonomy":"post_tag","embeddable":true,"href":"https:\/\/www.egemtv.com\/index.php?rest_route=%2Fwp%2Fv2%2Ftags&post=32964"}],"curies":[{"name":"wp","href":"https:\/\/api.w.org\/{rel}","templated":true}]}}