{"id":32955,"date":"2025-06-04T11:56:46","date_gmt":"2025-06-04T08:56:46","guid":{"rendered":"https:\/\/www.egemtv.com\/?p=32955"},"modified":"2025-06-04T11:56:51","modified_gmt":"2025-06-04T08:56:51","slug":"minik-yurekler-harcliklarini-gazze-icin-topladi","status":"publish","type":"post","link":"https:\/\/www.egemtv.com\/?p=32955","title":{"rendered":"Minik y\u00fcrekler har\u00e7l\u0131klar\u0131n\u0131 Gazze i\u00e7in toplad\u0131"},"content":{"rendered":"<p>Ayd\u0131n Gazipa\u015fa Ortaokulu \u00f6\u011frencileri, \u2019Filistin i\u00e7in el ele\u2019 slogan\u0131yla toplad\u0131klar\u0131 43 bin 800 TL har\u00e7l\u0131\u011f\u0131 Gazze\u2019ye g\u00f6nderdi.<\/p>\n<p>Ayd\u0131n\u2019\u0131n Efeler il\u00e7esinde bulunan Gazipa\u015fa Ortaokulu \u00f6\u011frencileri, Gazze i\u00e7in yard\u0131m kampanyas\u0131 ger\u00e7ekle\u015ftirdi. Gazze\u2019de okula gidemeyen akranlar\u0131na dikkat \u00e7eken minik y\u00fcrekler, \u2019Filistin i\u00e7in el ele\u2019 slogan\u0131yla haz\u0131rlad\u0131klar\u0131 ba\u011f\u0131\u015f kutusu ile har\u00e7l\u0131klar\u0131n\u0131 biriktirdiler. Yard\u0131mla\u015fma ve merhamet bilincinin olu\u015fturulmas\u0131 amac\u0131yla ger\u00e7ekle\u015ftirilen proje kapsam\u0131nda \u00f6\u011frenciler, har\u00e7l\u0131klar\u0131ndan yapt\u0131klar\u0131 ba\u011f\u0131\u015flarla toplam 43 bin 800 TL toplad\u0131. \u00d6\u011frenciler, toplad\u0131klar\u0131 har\u00e7l\u0131klar\u0131 daha sonra Filistinli akranlar\u0131na g\u00f6nderilmesi i\u00e7in K\u0131z\u0131lay\u2019a teslim etti. Okul idaresi y\u00f6netiminde ger\u00e7ekle\u015ftirilen programla har\u00e7l\u0131klar, K\u0131z\u0131lay\u2019a teslim edilirken, oku y\u00f6netimi taraf\u0131ndan da yurtd\u0131\u015f\u0131ndaki ihtiya\u00e7 sahiplerine ula\u015ft\u0131r\u0131lmas\u0131 i\u00e7in 2 kurban ba\u011f\u0131\u015fland\u0131.<\/p>\n<p>Konu ile ilgili Gazipa\u015fa Ortaokulu M\u00fcd\u00fcr\u00fc Nadir Co\u015fkun yapt\u0131\u011f\u0131 a\u00e7\u0131klamada &#8220;Gazze\u2019de ya\u015fanan soyk\u0131r\u0131ma kar\u015f\u0131 \u00f6\u011frencilerimiz bu sene okula gidemeyen Filistinli akranlar\u0131na yard\u0131mc\u0131 olmak i\u00e7in iki kumbaraya, har\u00e7l\u0131klar\u0131n\u0131 ve sadakalar\u0131n\u0131 koyarak toplad\u0131klar\u0131 43 bin 800 TL\u2019yi T\u00fcrk K\u0131z\u0131lay\u0131 vas\u0131tas\u0131yla ula\u015ft\u0131rd\u0131lar. Okul idaremiz de yurt d\u0131\u015f\u0131ndaki ihtiya\u00e7 sahiplerine ula\u015ft\u0131rmak i\u00e7in iki kurban ba\u011f\u0131\u015flad\u0131lar. \u00d6\u011frencilerimize \u015fefkati, merhameti ve yard\u0131mla\u015fmay\u0131 \u00f6\u011fretmek i\u00e7in Din K\u00fclt\u00fcr\u00fc ve Ahlak Bilgisi \u00f6\u011fretmenlerimize, bu projeye katk\u0131 yapan velilerimize ve \u00f6\u011frencilerimize te\u015fekk\u00fcr ederiz&#8221; ifadelerine yer verdi.<br \/><\/p>\n","protected":false},"excerpt":{"rendered":"<p>Ayd\u0131n Gazipa\u015fa Ortaokulu \u00f6\u011frencileri, \u2019Filistin i\u00e7in el ele\u2019 slogan\u0131yla toplad\u0131klar\u0131 43 bin 800 TL har\u00e7l\u0131\u011f\u0131 Gazze\u2019ye g\u00f6nderdi. Ayd\u0131n\u2019\u0131n Efeler il\u00e7esinde bulunan Gazipa\u015fa Ortaokulu \u00f6\u011frencileri, Gazze i\u00e7in yard\u0131m kampanyas\u0131 ger\u00e7ekle\u015ftirdi. Gazze\u2019de okula gidemeyen akranlar\u0131na dikkat \u00e7eken minik y\u00fcrekler, \u2019Filistin i\u00e7in el ele\u2019 slogan\u0131yla haz\u0131rlad\u0131klar\u0131 ba\u011f\u0131\u015f kutusu ile har\u00e7l\u0131klar\u0131n\u0131 biriktirdiler. Yard\u0131mla\u015fma ve merhamet bilincinin olu\u015fturulmas\u0131 amac\u0131yla ger\u00e7ekle\u015ftirilen&#8230;<\/p>\n","protected":false},"author":1,"featured_media":32956,"comment_status":"open","ping_status":"open","sticky":false,"template":"","format":"standard","meta":{"_crdt_document":"","footnotes":""},"categories":[123],"tags":[],"class_list":["post-32955","post","type-post","status-publish","format-standard","has-post-thumbnail","hentry","category-gundem"],"_links":{"self":[{"href":"https:\/\/www.egemtv.com\/index.php?rest_route=\/wp\/v2\/posts\/32955","targetHints":{"allow":["GET"]}}],"collection":[{"href":"https:\/\/www.egemtv.com\/index.php?rest_route=\/wp\/v2\/posts"}],"about":[{"href":"https:\/\/www.egemtv.com\/index.php?rest_route=\/wp\/v2\/types\/post"}],"author":[{"embeddable":true,"href":"https:\/\/www.egemtv.com\/index.php?rest_route=\/wp\/v2\/users\/1"}],"replies":[{"embeddable":true,"href":"https:\/\/www.egemtv.com\/index.php?rest_route=%2Fwp%2Fv2%2Fcomments&post=32955"}],"version-history":[{"count":1,"href":"https:\/\/www.egemtv.com\/index.php?rest_route=\/wp\/v2\/posts\/32955\/revisions"}],"predecessor-version":[{"id":32957,"href":"https:\/\/www.egemtv.com\/index.php?rest_route=\/wp\/v2\/posts\/32955\/revisions\/32957"}],"wp:featuredmedia":[{"embeddable":true,"href":"https:\/\/www.egemtv.com\/index.php?rest_route=\/wp\/v2\/media\/32956"}],"wp:attachment":[{"href":"https:\/\/www.egemtv.com\/index.php?rest_route=%2Fwp%2Fv2%2Fmedia&parent=32955"}],"wp:term":[{"taxonomy":"category","embeddable":true,"href":"https:\/\/www.egemtv.com\/index.php?rest_route=%2Fwp%2Fv2%2Fcategories&post=32955"},{"taxonomy":"post_tag","embeddable":true,"href":"https:\/\/www.egemtv.com\/index.php?rest_route=%2Fwp%2Fv2%2Ftags&post=32955"}],"curies":[{"name":"wp","href":"https:\/\/api.w.org\/{rel}","templated":true}]}}