{"id":32952,"date":"2025-06-04T11:56:45","date_gmt":"2025-06-04T08:56:45","guid":{"rendered":"https:\/\/www.egemtv.com\/?p=32952"},"modified":"2025-06-04T11:56:46","modified_gmt":"2025-06-04T08:56:46","slug":"baskan-putunden-beyagacli-ciftcilere-tarimsal-sulama-mujdesi","status":"publish","type":"post","link":"https:\/\/www.egemtv.com\/?p=32952","title":{"rendered":"Ba\u015fkan P\u00fct\u00fcn\u2019den Beya\u011fa\u00e7l\u0131 \u00e7ift\u00e7ilere tar\u0131msal sulama m\u00fcjdesi"},"content":{"rendered":"<p>DEN\u0130ZL\u0130 (\u0130HA) \u2013 Denizli\u2019nin Beya\u011fa\u00e7 Belediye Ba\u015fkan\u0131 Sezayi P\u00fct\u00fcn, \u00e7ift\u00e7iye tar\u0131msal sulama kayna\u011f\u0131 olu\u015fturmak i\u00e7in yapt\u0131klar\u0131 iki sondaj \u00e7al\u0131\u015fmas\u0131nda daha mutlu sona ula\u015ft\u0131klar\u0131n\u0131 m\u00fcjdeledi.<\/p>\n<p>Beya\u011fa\u00e7 Belediye Ba\u015fkan\u0131 Sezayi P\u00fct\u00fcn, g\u00f6reve geldi\u011fi ilk g\u00fcnden bu yana \u00e7ift\u00e7ilerimizin yan\u0131nda olmaya devam ediyor. Ba\u015fkan P\u00fct\u00fcn, il\u00e7eye ba\u011fl\u0131 Geri\u00e7am Mahallesi\u2019nde hem\u015fehrileriyle bir araya geldi. Vatanda\u015flarla sohbet edip, taleplerini yerinde dinleyen Ba\u015fkan P\u00fct\u00fcn, \u00e7ift\u00e7iye tar\u0131msal sulama kayna\u011f\u0131 olu\u015fturmak i\u00e7in yapt\u0131klar\u0131 iki sondaj \u00e7al\u0131\u015fmas\u0131nda daha mutlu sona ula\u015ft\u0131klar\u0131n\u0131 m\u00fcjdeledi.<\/p>\n<p>Beya\u011fa\u00e7l\u0131 \u00fcreticiye ellerinden gelen t\u00fcm deste\u011fi vermeye devam ettiklerini belirten Ba\u015fkan P\u00fct\u00fcn, &#8220;G\u00f6reve geldi\u011fimiz ilk g\u00fcnden bu yana \u00e7ift\u00e7ilerimizin yan\u0131nda olmaya devam ediyoruz. Tar\u0131msal sulama konusunda Beya\u011fa\u00e7\u2019\u0131m\u0131za b\u00fcy\u00fck katk\u0131 sa\u011flayacak 2. sondaj \u00e7al\u0131\u015fmam\u0131zda mutlu sona ula\u015ft\u0131k. Birlikte daha g\u00fc\u00e7l\u00fc, birlikte daha g\u00fczel bir Beya\u011fa\u00e7 i\u00e7in \u00e7al\u0131\u015fmaya devam ediyoruz. Topra\u011f\u0131 al\u0131n teriyle bereketlendiren t\u00fcm \u00e7ift\u00e7ilerimize hay\u0131rl\u0131 ve u\u011furlu olsun&#8221; dedi.<br \/><\/p>\n","protected":false},"excerpt":{"rendered":"<p>DEN\u0130ZL\u0130 (\u0130HA) \u2013 Denizli\u2019nin Beya\u011fa\u00e7 Belediye Ba\u015fkan\u0131 Sezayi P\u00fct\u00fcn, \u00e7ift\u00e7iye tar\u0131msal sulama kayna\u011f\u0131 olu\u015fturmak i\u00e7in yapt\u0131klar\u0131 iki sondaj \u00e7al\u0131\u015fmas\u0131nda daha mutlu sona ula\u015ft\u0131klar\u0131n\u0131 m\u00fcjdeledi. Beya\u011fa\u00e7 Belediye Ba\u015fkan\u0131 Sezayi P\u00fct\u00fcn, g\u00f6reve geldi\u011fi ilk g\u00fcnden bu yana \u00e7ift\u00e7ilerimizin yan\u0131nda olmaya devam ediyor. Ba\u015fkan P\u00fct\u00fcn, il\u00e7eye ba\u011fl\u0131 Geri\u00e7am Mahallesi\u2019nde hem\u015fehrileriyle bir araya geldi. Vatanda\u015flarla sohbet edip, taleplerini yerinde&#8230;<\/p>\n","protected":false},"author":1,"featured_media":32953,"comment_status":"open","ping_status":"open","sticky":false,"template":"","format":"standard","meta":{"_crdt_document":"","footnotes":""},"categories":[1],"tags":[],"class_list":["post-32952","post","type-post","status-publish","format-standard","has-post-thumbnail","hentry","category-guncel"],"_links":{"self":[{"href":"https:\/\/www.egemtv.com\/index.php?rest_route=\/wp\/v2\/posts\/32952","targetHints":{"allow":["GET"]}}],"collection":[{"href":"https:\/\/www.egemtv.com\/index.php?rest_route=\/wp\/v2\/posts"}],"about":[{"href":"https:\/\/www.egemtv.com\/index.php?rest_route=\/wp\/v2\/types\/post"}],"author":[{"embeddable":true,"href":"https:\/\/www.egemtv.com\/index.php?rest_route=\/wp\/v2\/users\/1"}],"replies":[{"embeddable":true,"href":"https:\/\/www.egemtv.com\/index.php?rest_route=%2Fwp%2Fv2%2Fcomments&post=32952"}],"version-history":[{"count":1,"href":"https:\/\/www.egemtv.com\/index.php?rest_route=\/wp\/v2\/posts\/32952\/revisions"}],"predecessor-version":[{"id":32954,"href":"https:\/\/www.egemtv.com\/index.php?rest_route=\/wp\/v2\/posts\/32952\/revisions\/32954"}],"wp:featuredmedia":[{"embeddable":true,"href":"https:\/\/www.egemtv.com\/index.php?rest_route=\/wp\/v2\/media\/32953"}],"wp:attachment":[{"href":"https:\/\/www.egemtv.com\/index.php?rest_route=%2Fwp%2Fv2%2Fmedia&parent=32952"}],"wp:term":[{"taxonomy":"category","embeddable":true,"href":"https:\/\/www.egemtv.com\/index.php?rest_route=%2Fwp%2Fv2%2Fcategories&post=32952"},{"taxonomy":"post_tag","embeddable":true,"href":"https:\/\/www.egemtv.com\/index.php?rest_route=%2Fwp%2Fv2%2Ftags&post=32952"}],"curies":[{"name":"wp","href":"https:\/\/api.w.org\/{rel}","templated":true}]}}