{"id":32949,"date":"2025-06-04T11:36:04","date_gmt":"2025-06-04T08:36:04","guid":{"rendered":"https:\/\/www.egemtv.com\/?p=32949"},"modified":"2025-06-04T11:36:08","modified_gmt":"2025-06-04T08:36:08","slug":"baskan-tatik-tavasi-birlikte-buyutecek-birlikte-gelecege-tasiyacagiz","status":"publish","type":"post","link":"https:\/\/www.egemtv.com\/?p=32949","title":{"rendered":"Ba\u015fkan Tat\u0131k; &#8220;Tavas\u2019\u0131 birlikte b\u00fcy\u00fctecek, birlikte gelece\u011fe ta\u015f\u0131yaca\u011f\u0131z&#8221;"},"content":{"rendered":"<p>DEN\u0130ZL\u0130 (\u0130HA) \u2013 Denizli\u2019nin Tavas Belediye Ba\u015fkan\u0131 Kadir Tat\u0131k, il\u00e7e ekonomisi ve tan\u0131t\u0131m\u0131n\u0131n geli\u015ftirilmesi i\u00e7in aral\u0131ks\u0131z \u00e7al\u0131\u015ft\u0131klar\u0131n\u0131 belirterek; &#8220;Tavas\u2019\u0131 birlikte b\u00fcy\u00fctecek, birlikte gelece\u011fe ta\u015f\u0131yaca\u011f\u0131z&#8221; dedi.<\/p>\n<p>Kurumdaki yo\u011fun mesaisine ra\u011fmen il\u00e7e merkezi ve ba\u011fl\u0131 mahallelerde vatanda\u015flarla bir araya gelmeye devam eden Tavas Belediye Ba\u015fkan\u0131 Kadir Tat\u0131k, sabah mesaiye ba\u015flamadan \u00f6nce H\u00fck\u00fcmet Caddesi esnaflar\u0131yla bir araya geldi. \u00c7ay ve simit e\u015fli\u011finde esnafla birlikte kahvalt\u0131s\u0131n\u0131 yapan Ba\u015fkan Tat\u0131k, hem sohbet etti hem de cadde esnaf\u0131n\u0131n talep ve \u00f6nerilerini yerinde dinledi.<br \/>\n<br \/>Tavas\u2019\u0131 ortak ak\u0131lla gelece\u011fe ta\u015f\u0131yacaklar\u0131n\u0131 ifade eden Ba\u015fkan Tat\u0131k, &#8220;\u0130l\u00e7emizi birlikte b\u00fcy\u00fctecek, birlikte gelece\u011fe ta\u015f\u0131yaca\u011f\u0131z. Sahada olmak, halk\u0131m\u0131zla yan yana durmak bizim i\u00e7in bir tercih de\u011fil, bir sorumluluk. T\u00fcm mahallelerimizde vatanda\u015flar\u0131m\u0131zla bulu\u015fmaya devam edece\u011fiz&#8221; diye konu\u015ftu.<\/p>\n<p>Tavas\u2019\u0131n k\u00fclt\u00fcrel de\u011ferleri \u00f6n plana \u00e7\u0131kart\u0131lacak<br \/>\n<br \/>Tavas\u2019\u0131n tan\u0131t\u0131m\u0131 ve k\u00fclt\u00fcrel de\u011ferlerinin \u00f6n plana \u00e7\u0131kart\u0131lmas\u0131 i\u00e7in Denizli B\u00fcy\u00fck\u015fehir Belediyesi Tan\u0131t\u0131m ve Turizm \u015eube M\u00fcd\u00fcr\u00fc Zeki Akak\u00e7a\u2019y\u0131 makam\u0131nda a\u011f\u0131rlayan Ba\u015fkan Tat\u0131k, &#8220;Kendileriyle il\u00e7emizin tan\u0131t\u0131m\u0131, k\u00fclt\u00fcrel de\u011ferlerinin \u00f6ne \u00e7\u0131kar\u0131lmas\u0131 ve turizm potansiyelinin daha etkin de\u011ferlendirilmesi ad\u0131na yap\u0131labilecek ortak \u00e7al\u0131\u015fmalar \u00fczerine verimli bir g\u00f6r\u00fc\u015fme ger\u00e7ekle\u015ftirdik. Nazik ziyaretleri ve k\u0131ymetli katk\u0131lar\u0131 i\u00e7in kendilerine te\u015fekk\u00fcr ediyor, i\u015f birli\u011fimizin artarak devam etmesini diliyoruz&#8221; ifadelerini kulland\u0131.<br \/><\/p>\n","protected":false},"excerpt":{"rendered":"<p>DEN\u0130ZL\u0130 (\u0130HA) \u2013 Denizli\u2019nin Tavas Belediye Ba\u015fkan\u0131 Kadir Tat\u0131k, il\u00e7e ekonomisi ve tan\u0131t\u0131m\u0131n\u0131n geli\u015ftirilmesi i\u00e7in aral\u0131ks\u0131z \u00e7al\u0131\u015ft\u0131klar\u0131n\u0131 belirterek; &#8220;Tavas\u2019\u0131 birlikte b\u00fcy\u00fctecek, birlikte gelece\u011fe ta\u015f\u0131yaca\u011f\u0131z&#8221; dedi. Kurumdaki yo\u011fun mesaisine ra\u011fmen il\u00e7e merkezi ve ba\u011fl\u0131 mahallelerde vatanda\u015flarla bir araya gelmeye devam eden Tavas Belediye Ba\u015fkan\u0131 Kadir Tat\u0131k, sabah mesaiye ba\u015flamadan \u00f6nce H\u00fck\u00fcmet Caddesi esnaflar\u0131yla bir araya geldi&#8230;.<\/p>\n","protected":false},"author":1,"featured_media":32950,"comment_status":"open","ping_status":"open","sticky":false,"template":"","format":"standard","meta":{"_crdt_document":"","footnotes":""},"categories":[127],"tags":[],"class_list":["post-32949","post","type-post","status-publish","format-standard","has-post-thumbnail","hentry","category-siyaset"],"_links":{"self":[{"href":"https:\/\/www.egemtv.com\/index.php?rest_route=\/wp\/v2\/posts\/32949","targetHints":{"allow":["GET"]}}],"collection":[{"href":"https:\/\/www.egemtv.com\/index.php?rest_route=\/wp\/v2\/posts"}],"about":[{"href":"https:\/\/www.egemtv.com\/index.php?rest_route=\/wp\/v2\/types\/post"}],"author":[{"embeddable":true,"href":"https:\/\/www.egemtv.com\/index.php?rest_route=\/wp\/v2\/users\/1"}],"replies":[{"embeddable":true,"href":"https:\/\/www.egemtv.com\/index.php?rest_route=%2Fwp%2Fv2%2Fcomments&post=32949"}],"version-history":[{"count":1,"href":"https:\/\/www.egemtv.com\/index.php?rest_route=\/wp\/v2\/posts\/32949\/revisions"}],"predecessor-version":[{"id":32951,"href":"https:\/\/www.egemtv.com\/index.php?rest_route=\/wp\/v2\/posts\/32949\/revisions\/32951"}],"wp:featuredmedia":[{"embeddable":true,"href":"https:\/\/www.egemtv.com\/index.php?rest_route=\/wp\/v2\/media\/32950"}],"wp:attachment":[{"href":"https:\/\/www.egemtv.com\/index.php?rest_route=%2Fwp%2Fv2%2Fmedia&parent=32949"}],"wp:term":[{"taxonomy":"category","embeddable":true,"href":"https:\/\/www.egemtv.com\/index.php?rest_route=%2Fwp%2Fv2%2Fcategories&post=32949"},{"taxonomy":"post_tag","embeddable":true,"href":"https:\/\/www.egemtv.com\/index.php?rest_route=%2Fwp%2Fv2%2Ftags&post=32949"}],"curies":[{"name":"wp","href":"https:\/\/api.w.org\/{rel}","templated":true}]}}