{"id":32946,"date":"2025-06-04T10:56:36","date_gmt":"2025-06-04T07:56:36","guid":{"rendered":"https:\/\/www.egemtv.com\/?p=32946"},"modified":"2025-06-04T10:56:41","modified_gmt":"2025-06-04T07:56:41","slug":"cedes-yil-sonu-senligi-selcuklu-camiinde-coskuyla-gerceklestirildi","status":"publish","type":"post","link":"https:\/\/www.egemtv.com\/?p=32946","title":{"rendered":"\u00c7EDES y\u0131l sonu \u015fenli\u011fi Sel\u00e7uklu Camii\u2019nde co\u015fkuyla ger\u00e7ekle\u015ftirildi"},"content":{"rendered":"<p>Afyonkarahisar\u2019da &#8220;\u00c7evreme Duyarl\u0131y\u0131m, De\u011ferlerime Sahip \u00c7\u0131k\u0131yorum&#8221; (\u00c7EDES) projesi \u00e7er\u00e7evesinde d\u00fczenlenen y\u0131l sonu k\u00fclt\u00fcr \u015fenli\u011fi, Sel\u00e7uklu Camii\u2019nde ger\u00e7ekle\u015ftirildi.<br \/>\n<br \/>\u0130l M\u00fcft\u00fcl\u00fc\u011f\u00fc, \u0130l Milli E\u011fitim M\u00fcd\u00fcrl\u00fc\u011f\u00fc ve Gen\u00e7lik ve Spor \u0130l M\u00fcd\u00fcrl\u00fc\u011f\u00fc i\u015f birli\u011fiyle d\u00fczenlenen etkinli\u011fe \u00f6\u011frenciler, \u00f6\u011fretmenler, din g\u00f6revlileri ve payda\u015f kurum temsilcileri kat\u0131ld\u0131. Program, Sel\u00e7uklu Camii M\u00fcezzin Kayy\u0131m\u0131 Hasan K\u0131z\u0131lkaya\u2019n\u0131n Kur\u2019an-\u0131 Kerim tilavetiyle ba\u015flad\u0131. Ard\u0131ndan \u0130l Uzman Vaizi Ebubekir \u00c7etiner\u2019in de\u011ferler e\u011fitimi konulu konu\u015fmas\u0131yla devam etti. G\u00fcn boyunca Gen\u00e7lik ve Spor \u0130l M\u00fcd\u00fcrl\u00fc\u011f\u00fc e\u011fitmenleri rehberli\u011finde \u00e7e\u015fitli oyunlar ve etkinlikler d\u00fczenlenerek \u00e7ocuklara e\u011flenceli anlar ya\u015fat\u0131ld\u0131. Kat\u0131l\u0131mc\u0131lara \u0130l M\u00fcft\u00fcl\u00fc\u011f\u00fc taraf\u0131ndan lokum, pi\u015fmaniye ve yemek ikram\u0131nda bulunuldu. Organizasyonu ger\u00e7ekle\u015ftiren \u00c7EDES \u0130l Koordinat\u00f6r\u00fc Manevi Rehber Mehmet Okumu\u015f, eme\u011fi ge\u00e7en herkese te\u015fekk\u00fcr etti.<br \/><\/p>\n","protected":false},"excerpt":{"rendered":"<p>Afyonkarahisar\u2019da &#8220;\u00c7evreme Duyarl\u0131y\u0131m, De\u011ferlerime Sahip \u00c7\u0131k\u0131yorum&#8221; (\u00c7EDES) projesi \u00e7er\u00e7evesinde d\u00fczenlenen y\u0131l sonu k\u00fclt\u00fcr \u015fenli\u011fi, Sel\u00e7uklu Camii\u2019nde ger\u00e7ekle\u015ftirildi. \u0130l M\u00fcft\u00fcl\u00fc\u011f\u00fc, \u0130l Milli E\u011fitim M\u00fcd\u00fcrl\u00fc\u011f\u00fc ve Gen\u00e7lik ve Spor \u0130l M\u00fcd\u00fcrl\u00fc\u011f\u00fc i\u015f birli\u011fiyle d\u00fczenlenen etkinli\u011fe \u00f6\u011frenciler, \u00f6\u011fretmenler, din g\u00f6revlileri ve payda\u015f kurum temsilcileri kat\u0131ld\u0131. Program, Sel\u00e7uklu Camii M\u00fcezzin Kayy\u0131m\u0131 Hasan K\u0131z\u0131lkaya\u2019n\u0131n Kur\u2019an-\u0131 Kerim tilavetiyle ba\u015flad\u0131. Ard\u0131ndan \u0130l&#8230;<\/p>\n","protected":false},"author":1,"featured_media":32947,"comment_status":"open","ping_status":"open","sticky":false,"template":"","format":"standard","meta":{"_crdt_document":"","footnotes":""},"categories":[1],"tags":[],"class_list":["post-32946","post","type-post","status-publish","format-standard","has-post-thumbnail","hentry","category-guncel"],"_links":{"self":[{"href":"https:\/\/www.egemtv.com\/index.php?rest_route=\/wp\/v2\/posts\/32946","targetHints":{"allow":["GET"]}}],"collection":[{"href":"https:\/\/www.egemtv.com\/index.php?rest_route=\/wp\/v2\/posts"}],"about":[{"href":"https:\/\/www.egemtv.com\/index.php?rest_route=\/wp\/v2\/types\/post"}],"author":[{"embeddable":true,"href":"https:\/\/www.egemtv.com\/index.php?rest_route=\/wp\/v2\/users\/1"}],"replies":[{"embeddable":true,"href":"https:\/\/www.egemtv.com\/index.php?rest_route=%2Fwp%2Fv2%2Fcomments&post=32946"}],"version-history":[{"count":1,"href":"https:\/\/www.egemtv.com\/index.php?rest_route=\/wp\/v2\/posts\/32946\/revisions"}],"predecessor-version":[{"id":32948,"href":"https:\/\/www.egemtv.com\/index.php?rest_route=\/wp\/v2\/posts\/32946\/revisions\/32948"}],"wp:featuredmedia":[{"embeddable":true,"href":"https:\/\/www.egemtv.com\/index.php?rest_route=\/wp\/v2\/media\/32947"}],"wp:attachment":[{"href":"https:\/\/www.egemtv.com\/index.php?rest_route=%2Fwp%2Fv2%2Fmedia&parent=32946"}],"wp:term":[{"taxonomy":"category","embeddable":true,"href":"https:\/\/www.egemtv.com\/index.php?rest_route=%2Fwp%2Fv2%2Fcategories&post=32946"},{"taxonomy":"post_tag","embeddable":true,"href":"https:\/\/www.egemtv.com\/index.php?rest_route=%2Fwp%2Fv2%2Ftags&post=32946"}],"curies":[{"name":"wp","href":"https:\/\/api.w.org\/{rel}","templated":true}]}}