{"id":32943,"date":"2025-06-04T10:56:32","date_gmt":"2025-06-04T07:56:32","guid":{"rendered":"https:\/\/www.egemtv.com\/?p=32943"},"modified":"2025-06-04T10:56:36","modified_gmt":"2025-06-04T07:56:36","slug":"sandikli-kaymakami-onder-cengelden-veda-ziyareti","status":"publish","type":"post","link":"https:\/\/www.egemtv.com\/?p=32943","title":{"rendered":"Sand\u0131kl\u0131 Kaymakam\u0131 \u00d6nder \u00c7engel\u2019den veda ziyareti"},"content":{"rendered":"<p>Cumhurba\u015fkan\u0131 Recep Tayyip Erdo\u011fan\u2019\u0131n imzas\u0131yla yay\u0131mlanan atama karar\u0131yla M\u00fclkiye M\u00fcfetti\u015fli\u011fine atanan Sand\u0131kl\u0131 Kaymakam\u0131 \u00d6nder \u00c7engel, \u0130l\u00e7e Milli E\u011fitim M\u00fcd\u00fcrl\u00fc\u011f\u00fc\u2019n\u00fc ziyaret ederek g\u00f6rev yapan personelle vedala\u015ft\u0131.<br \/>\n<br \/>Ziyaret s\u0131ras\u0131nda t\u00fcm \u00e7al\u0131\u015fanlar\u0131n yakla\u015fan Kurban Bayram\u0131\u2019n\u0131 tebrik eden Kaymakam \u00c7engel, il\u00e7ede g\u00f6rev yapt\u0131\u011f\u0131 s\u00fcre boyunca e\u011fitim camias\u0131 ile y\u00fcr\u00fct\u00fclen uyumlu \u00e7al\u0131\u015fmalardan duydu\u011fu memnuniyeti dile getirdi. \u0130l\u00e7e Milli E\u011fitim M\u00fcd\u00fcrl\u00fc\u011f\u00fc personeli de Kaymakam \u00c7engel\u2019e Sand\u0131kl\u0131\u2019ya sundu\u011fu katk\u0131lar ve destekleri i\u00e7in te\u015fekk\u00fcr ederek yeni g\u00f6revinde ba\u015far\u0131lar diledi. M\u00fclkiye M\u00fcfetti\u015fi olarak atanmas\u0131ndan dolay\u0131 tebrikleri kabul eden \u00d6nder \u00c7engel, &#8220;Sand\u0131kl\u0131\u2019da g\u00f6rev yapmaktan b\u00fcy\u00fck mutluluk duydum. Her birinize \u00e7al\u0131\u015fmalar\u0131n\u0131zda ba\u015far\u0131lar diliyorum,&#8221; ifadelerini kulland\u0131.<br \/><\/p>\n","protected":false},"excerpt":{"rendered":"<p>Cumhurba\u015fkan\u0131 Recep Tayyip Erdo\u011fan\u2019\u0131n imzas\u0131yla yay\u0131mlanan atama karar\u0131yla M\u00fclkiye M\u00fcfetti\u015fli\u011fine atanan Sand\u0131kl\u0131 Kaymakam\u0131 \u00d6nder \u00c7engel, \u0130l\u00e7e Milli E\u011fitim M\u00fcd\u00fcrl\u00fc\u011f\u00fc\u2019n\u00fc ziyaret ederek g\u00f6rev yapan personelle vedala\u015ft\u0131. Ziyaret s\u0131ras\u0131nda t\u00fcm \u00e7al\u0131\u015fanlar\u0131n yakla\u015fan Kurban Bayram\u0131\u2019n\u0131 tebrik eden Kaymakam \u00c7engel, il\u00e7ede g\u00f6rev yapt\u0131\u011f\u0131 s\u00fcre boyunca e\u011fitim camias\u0131 ile y\u00fcr\u00fct\u00fclen uyumlu \u00e7al\u0131\u015fmalardan duydu\u011fu memnuniyeti dile getirdi. \u0130l\u00e7e Milli E\u011fitim M\u00fcd\u00fcrl\u00fc\u011f\u00fc&#8230;<\/p>\n","protected":false},"author":1,"featured_media":32944,"comment_status":"open","ping_status":"open","sticky":false,"template":"","format":"standard","meta":{"_crdt_document":"","footnotes":""},"categories":[1],"tags":[],"class_list":["post-32943","post","type-post","status-publish","format-standard","has-post-thumbnail","hentry","category-guncel"],"_links":{"self":[{"href":"https:\/\/www.egemtv.com\/index.php?rest_route=\/wp\/v2\/posts\/32943","targetHints":{"allow":["GET"]}}],"collection":[{"href":"https:\/\/www.egemtv.com\/index.php?rest_route=\/wp\/v2\/posts"}],"about":[{"href":"https:\/\/www.egemtv.com\/index.php?rest_route=\/wp\/v2\/types\/post"}],"author":[{"embeddable":true,"href":"https:\/\/www.egemtv.com\/index.php?rest_route=\/wp\/v2\/users\/1"}],"replies":[{"embeddable":true,"href":"https:\/\/www.egemtv.com\/index.php?rest_route=%2Fwp%2Fv2%2Fcomments&post=32943"}],"version-history":[{"count":1,"href":"https:\/\/www.egemtv.com\/index.php?rest_route=\/wp\/v2\/posts\/32943\/revisions"}],"predecessor-version":[{"id":32945,"href":"https:\/\/www.egemtv.com\/index.php?rest_route=\/wp\/v2\/posts\/32943\/revisions\/32945"}],"wp:featuredmedia":[{"embeddable":true,"href":"https:\/\/www.egemtv.com\/index.php?rest_route=\/wp\/v2\/media\/32944"}],"wp:attachment":[{"href":"https:\/\/www.egemtv.com\/index.php?rest_route=%2Fwp%2Fv2%2Fmedia&parent=32943"}],"wp:term":[{"taxonomy":"category","embeddable":true,"href":"https:\/\/www.egemtv.com\/index.php?rest_route=%2Fwp%2Fv2%2Fcategories&post=32943"},{"taxonomy":"post_tag","embeddable":true,"href":"https:\/\/www.egemtv.com\/index.php?rest_route=%2Fwp%2Fv2%2Ftags&post=32943"}],"curies":[{"name":"wp","href":"https:\/\/api.w.org\/{rel}","templated":true}]}}