{"id":32940,"date":"2025-06-04T10:56:27","date_gmt":"2025-06-04T07:56:27","guid":{"rendered":"https:\/\/www.egemtv.com\/?p=32940"},"modified":"2025-06-04T10:56:32","modified_gmt":"2025-06-04T07:56:32","slug":"yoresel-kulturun-izleri-gunumuz-estetigiyle-bulustu","status":"publish","type":"post","link":"https:\/\/www.egemtv.com\/?p=32940","title":{"rendered":"Y\u00f6resel k\u00fclt\u00fcr\u00fcn izleri g\u00fcn\u00fcm\u00fcz esteti\u011fiyle bulu\u015ftu"},"content":{"rendered":"<p>Afyonkarahisar Olgunla\u015fma Enstit\u00fcs\u00fc, Hayat Boyu \u00d6\u011frenme Haftas\u0131 kapsam\u0131nda d\u00fczenledi\u011fi sergiyle, y\u00f6resel k\u00fclt\u00fcr\u00fcn izlerini g\u00fcn\u00fcm\u00fcz esteti\u011fiyle bulu\u015fturdu. Vali Do\u00e7. Dr. K\u00fcbra G\u00fcran Yi\u011fitba\u015f\u0131\u2019n\u0131n kat\u0131l\u0131m\u0131yla a\u00e7\u0131l\u0131\u015f\u0131 yap\u0131lan sergi, b\u00fcy\u00fck ilgi g\u00f6rd\u00fc.<br \/>\n<br \/>Afyonkarahisar Olgunla\u015fma Enstit\u00fcs\u00fc\u2019n\u00fcn &#8220;Hayat Boyu \u00d6\u011frenme Haftas\u0131&#8221; etkinlikleri \u00e7er\u00e7evesinde haz\u0131rlad\u0131\u011f\u0131 sergi, unutulmaya y\u00fcz tutmu\u015f k\u00fclt\u00fcrel de\u011ferleri yeniden g\u00fcn y\u00fcz\u00fcne \u00e7\u0131kararak kat\u0131l\u0131mc\u0131lardan tam not ald\u0131.<br \/>\n<br \/>A\u00e7\u0131l\u0131\u015fa, Afyonkarahisar Valisi Do\u00e7. Dr. K\u00fcbra G\u00fcran Yi\u011fitba\u015f\u0131, \u0130l Milli E\u011fitim M\u00fcd\u00fcr\u00fc Mira\u00e7 S\u00fcnnetci, M\u00fcd\u00fcr Yard\u0131mc\u0131s\u0131 Fatih Ak\u00e7il, \u015eube M\u00fcd\u00fcr\u00fc Medeni Bu\u011fra, kurum idarecileri, \u00f6\u011fretmenler ve kursiyerler kat\u0131ld\u0131.<br \/>\n<br \/>Enstit\u00fc b\u00fcnyesindeki at\u00f6lyelerde, ge\u00e7mi\u015fin izlerini ta\u015f\u0131yan tasar\u0131mlar, bug\u00fcn\u00fcn teknikleriyle harmanlanarak \u00fcretildi. Giyim, nak\u0131\u015f ve i\u011fne oyas\u0131 at\u00f6lyelerinde geleneksel dokular \u00e7a\u011fda\u015f formlarla bulu\u015ftu.<br \/>\n<br \/>El sanatlar\u0131 at\u00f6lyesinde ke\u00e7e ve \u00e7arpana dokuma \u00e7al\u0131\u015fmalar\u0131 dikkat \u00e7ekerken, dokuma at\u00f6lyesinde y\u00f6resel motifli kuma\u015flar \u00fcretildi. Yiyecek-i\u00e7ecek at\u00f6lyesinde ise geleneksel Afyon lezzetleri yeniden hayat buldu.<br \/>\n<br \/>Ayr\u0131ca s\u00fcrd\u00fcr\u00fclebilirlik kapsam\u0131nda ekoprint, at\u0131k kuma\u015flardan tasar\u0131mlar ve r\u00f6lyef \u00e7al\u0131\u015fmalar\u0131 da sergiye renk katt\u0131. Sergiyi gezerek \u00e7al\u0131\u015fmalar\u0131 yak\u0131ndan inceleyen Vali Yi\u011fitba\u015f\u0131, &#8220;Sand\u0131klarda kalm\u0131\u015f k\u00fclt\u00fcr\u00fcm\u00fcz\u00fc yeniden hayata ge\u00e7iren ve gelece\u011fe ta\u015f\u0131yan herkese te\u015fekk\u00fcr ediyorum&#8221; ifadelerini kulland\u0131.<br \/>\n<br \/>Ziyaret, hat\u0131ra foto\u011fraf\u0131 \u00e7ekimiyle sona erdi.<br \/><\/p>\n","protected":false},"excerpt":{"rendered":"<p>Afyonkarahisar Olgunla\u015fma Enstit\u00fcs\u00fc, Hayat Boyu \u00d6\u011frenme Haftas\u0131 kapsam\u0131nda d\u00fczenledi\u011fi sergiyle, y\u00f6resel k\u00fclt\u00fcr\u00fcn izlerini g\u00fcn\u00fcm\u00fcz esteti\u011fiyle bulu\u015fturdu. Vali Do\u00e7. Dr. K\u00fcbra G\u00fcran Yi\u011fitba\u015f\u0131\u2019n\u0131n kat\u0131l\u0131m\u0131yla a\u00e7\u0131l\u0131\u015f\u0131 yap\u0131lan sergi, b\u00fcy\u00fck ilgi g\u00f6rd\u00fc. Afyonkarahisar Olgunla\u015fma Enstit\u00fcs\u00fc\u2019n\u00fcn &#8220;Hayat Boyu \u00d6\u011frenme Haftas\u0131&#8221; etkinlikleri \u00e7er\u00e7evesinde haz\u0131rlad\u0131\u011f\u0131 sergi, unutulmaya y\u00fcz tutmu\u015f k\u00fclt\u00fcrel de\u011ferleri yeniden g\u00fcn y\u00fcz\u00fcne \u00e7\u0131kararak kat\u0131l\u0131mc\u0131lardan tam not ald\u0131. A\u00e7\u0131l\u0131\u015fa, Afyonkarahisar&#8230;<\/p>\n","protected":false},"author":1,"featured_media":32941,"comment_status":"open","ping_status":"open","sticky":false,"template":"","format":"standard","meta":{"_crdt_document":"","footnotes":""},"categories":[1],"tags":[],"class_list":["post-32940","post","type-post","status-publish","format-standard","has-post-thumbnail","hentry","category-guncel"],"_links":{"self":[{"href":"https:\/\/www.egemtv.com\/index.php?rest_route=\/wp\/v2\/posts\/32940","targetHints":{"allow":["GET"]}}],"collection":[{"href":"https:\/\/www.egemtv.com\/index.php?rest_route=\/wp\/v2\/posts"}],"about":[{"href":"https:\/\/www.egemtv.com\/index.php?rest_route=\/wp\/v2\/types\/post"}],"author":[{"embeddable":true,"href":"https:\/\/www.egemtv.com\/index.php?rest_route=\/wp\/v2\/users\/1"}],"replies":[{"embeddable":true,"href":"https:\/\/www.egemtv.com\/index.php?rest_route=%2Fwp%2Fv2%2Fcomments&post=32940"}],"version-history":[{"count":1,"href":"https:\/\/www.egemtv.com\/index.php?rest_route=\/wp\/v2\/posts\/32940\/revisions"}],"predecessor-version":[{"id":32942,"href":"https:\/\/www.egemtv.com\/index.php?rest_route=\/wp\/v2\/posts\/32940\/revisions\/32942"}],"wp:featuredmedia":[{"embeddable":true,"href":"https:\/\/www.egemtv.com\/index.php?rest_route=\/wp\/v2\/media\/32941"}],"wp:attachment":[{"href":"https:\/\/www.egemtv.com\/index.php?rest_route=%2Fwp%2Fv2%2Fmedia&parent=32940"}],"wp:term":[{"taxonomy":"category","embeddable":true,"href":"https:\/\/www.egemtv.com\/index.php?rest_route=%2Fwp%2Fv2%2Fcategories&post=32940"},{"taxonomy":"post_tag","embeddable":true,"href":"https:\/\/www.egemtv.com\/index.php?rest_route=%2Fwp%2Fv2%2Ftags&post=32940"}],"curies":[{"name":"wp","href":"https:\/\/api.w.org\/{rel}","templated":true}]}}