{"id":32937,"date":"2025-06-04T10:56:22","date_gmt":"2025-06-04T07:56:22","guid":{"rendered":"https:\/\/www.egemtv.com\/?p=32937"},"modified":"2025-06-04T10:56:27","modified_gmt":"2025-06-04T07:56:27","slug":"germencikte-kacak-parfum-operasyonu-100-sise-ele-gecirildi","status":"publish","type":"post","link":"https:\/\/www.egemtv.com\/?p=32937","title":{"rendered":"Germencik\u2019te ka\u00e7ak parf\u00fcm operasyonu: 100 \u015fi\u015fe ele ge\u00e7irildi"},"content":{"rendered":"<p>Ayd\u0131n \u0130l Emniyet M\u00fcd\u00fcrl\u00fc\u011f\u00fc Ka\u00e7ak\u00e7\u0131l\u0131k ve Organize Su\u00e7larla M\u00fccadele (KOM) \u015eube M\u00fcd\u00fcrl\u00fc\u011f\u00fc ekipleri taraf\u0131ndan tabelas\u0131 ve ruhsat\u0131 bulunmayan ve sat\u0131\u015f yapan bir i\u015fyerinde yap\u0131lan aramada 100 \u015fi\u015fe g\u00fcmr\u00fck ka\u00e7a\u011f\u0131 parf\u00fcm ele ge\u00e7irildi.<\/p>\n<p>Ayd\u0131n \u0130l Emniyet M\u00fcd\u00fcrl\u00fc\u011f\u00fc KOM \u015eube M\u00fcd\u00fcrl\u00fc\u011f\u00fc ekipleri ka\u00e7ak\u00e7\u0131l\u0131kla m\u00fccadele \u00e7al\u0131\u015fmalar\u0131n\u0131 aral\u0131ks\u0131z s\u00fcrd\u00fcr\u00fcyor. Edinilen bilgiye g\u00f6re, KOM \u015eube M\u00fcd\u00fcrl\u00fc\u011f\u00fc ekipleri taraf\u0131ndan yap\u0131lan saha \u00e7al\u0131\u015fmalar\u0131 neticesinde Germencik Mursall\u0131 Mahallesi \u0130zmir-Mursall\u0131 Caddesi \u00fczerinde tabelas\u0131 ve ruhsat\u0131 bulunmayan bir i\u015fyerine operasyon d\u00fczenlendi. \u0130\u015fyerinde yap\u0131lan aramada farkl\u0131 markalara ait toplam 100 \u015fi\u015fe g\u00fcmr\u00fck ka\u00e7a\u011f\u0131 parf\u00fcm ele ge\u00e7irildi. \u0130\u015fletme sahibi E.A. hakk\u0131nda 5607 Say\u0131l\u0131 Ka\u00e7ak\u00e7\u0131l\u0131kla M\u00fccadele Kanunu kapsam\u0131nda i\u015flem yap\u0131ld\u0131.<br \/><\/p>\n","protected":false},"excerpt":{"rendered":"<p>Ayd\u0131n \u0130l Emniyet M\u00fcd\u00fcrl\u00fc\u011f\u00fc Ka\u00e7ak\u00e7\u0131l\u0131k ve Organize Su\u00e7larla M\u00fccadele (KOM) \u015eube M\u00fcd\u00fcrl\u00fc\u011f\u00fc ekipleri taraf\u0131ndan tabelas\u0131 ve ruhsat\u0131 bulunmayan ve sat\u0131\u015f yapan bir i\u015fyerinde yap\u0131lan aramada 100 \u015fi\u015fe g\u00fcmr\u00fck ka\u00e7a\u011f\u0131 parf\u00fcm ele ge\u00e7irildi. Ayd\u0131n \u0130l Emniyet M\u00fcd\u00fcrl\u00fc\u011f\u00fc KOM \u015eube M\u00fcd\u00fcrl\u00fc\u011f\u00fc ekipleri ka\u00e7ak\u00e7\u0131l\u0131kla m\u00fccadele \u00e7al\u0131\u015fmalar\u0131n\u0131 aral\u0131ks\u0131z s\u00fcrd\u00fcr\u00fcyor. Edinilen bilgiye g\u00f6re, KOM \u015eube M\u00fcd\u00fcrl\u00fc\u011f\u00fc ekipleri taraf\u0131ndan yap\u0131lan saha&#8230;<\/p>\n","protected":false},"author":1,"featured_media":32938,"comment_status":"open","ping_status":"open","sticky":false,"template":"","format":"standard","meta":{"_crdt_document":"","footnotes":""},"categories":[5],"tags":[],"class_list":["post-32937","post","type-post","status-publish","format-standard","has-post-thumbnail","hentry","category-asayis"],"_links":{"self":[{"href":"https:\/\/www.egemtv.com\/index.php?rest_route=\/wp\/v2\/posts\/32937","targetHints":{"allow":["GET"]}}],"collection":[{"href":"https:\/\/www.egemtv.com\/index.php?rest_route=\/wp\/v2\/posts"}],"about":[{"href":"https:\/\/www.egemtv.com\/index.php?rest_route=\/wp\/v2\/types\/post"}],"author":[{"embeddable":true,"href":"https:\/\/www.egemtv.com\/index.php?rest_route=\/wp\/v2\/users\/1"}],"replies":[{"embeddable":true,"href":"https:\/\/www.egemtv.com\/index.php?rest_route=%2Fwp%2Fv2%2Fcomments&post=32937"}],"version-history":[{"count":1,"href":"https:\/\/www.egemtv.com\/index.php?rest_route=\/wp\/v2\/posts\/32937\/revisions"}],"predecessor-version":[{"id":32939,"href":"https:\/\/www.egemtv.com\/index.php?rest_route=\/wp\/v2\/posts\/32937\/revisions\/32939"}],"wp:featuredmedia":[{"embeddable":true,"href":"https:\/\/www.egemtv.com\/index.php?rest_route=\/wp\/v2\/media\/32938"}],"wp:attachment":[{"href":"https:\/\/www.egemtv.com\/index.php?rest_route=%2Fwp%2Fv2%2Fmedia&parent=32937"}],"wp:term":[{"taxonomy":"category","embeddable":true,"href":"https:\/\/www.egemtv.com\/index.php?rest_route=%2Fwp%2Fv2%2Fcategories&post=32937"},{"taxonomy":"post_tag","embeddable":true,"href":"https:\/\/www.egemtv.com\/index.php?rest_route=%2Fwp%2Fv2%2Ftags&post=32937"}],"curies":[{"name":"wp","href":"https:\/\/api.w.org\/{rel}","templated":true}]}}