{"id":32934,"date":"2025-06-04T10:56:17","date_gmt":"2025-06-04T07:56:17","guid":{"rendered":"https:\/\/www.egemtv.com\/?p=32934"},"modified":"2025-06-04T10:56:22","modified_gmt":"2025-06-04T07:56:22","slug":"afyonkarahisarda-minik-eller-keceye-hayat-verdi","status":"publish","type":"post","link":"https:\/\/www.egemtv.com\/?p=32934","title":{"rendered":"Afyonkarahisar\u2019da minik eller ke\u00e7eye hayat verdi"},"content":{"rendered":"<p>Afyonkarahisar Hac\u0131 L\u00fctfiye Koca\u015faban Anaokulu\u2019nda d\u00fczenlenen ke\u00e7e at\u00f6lyesi etkinli\u011finde, geleneksel el sanatlar\u0131ndan biri olan ke\u00e7e yap\u0131m\u0131 \u00f6\u011frencilerle birlikte uygulamal\u0131 olarak ger\u00e7ekle\u015ftirildi.<br \/>\n<br \/>Etkinli\u011fe kat\u0131lan Afyonkarahisar \u0130l Milli E\u011fitim M\u00fcd\u00fcr\u00fc Mira\u00e7 S\u00fcnnetci, \u00e7ocuklarla birlikte kuzu y\u00fcnlerinden ke\u00e7e yap\u0131m\u0131n\u0131 deneyimledi. D\u00f6\u015feme, \u0131slama, tepme ve k\u00f6p\u00fckle ovalama gibi geleneksel y\u00f6ntemlerle ke\u00e7e \u00e7al\u0131\u015fmalar\u0131 yapan minikler, hem e\u011flendi hem de el becerilerini geli\u015ftirdi. At\u00f6lye \u00e7al\u0131\u015fmas\u0131n\u0131n ard\u0131ndan \u00f6\u011frencilerin el eme\u011fiyle haz\u0131rlad\u0131\u011f\u0131 ke\u00e7e \u00fcr\u00fcnlerinin yer ald\u0131\u011f\u0131 sergi ziyaret edildi. Renkli ve \u00f6zg\u00fcn \u00e7al\u0131\u015fmalar\u0131n yer ald\u0131\u011f\u0131 sergi, kat\u0131l\u0131mc\u0131lardan tam not ald\u0131. Program kahvalt\u0131 etkinli\u011fiyle devam etti. Miniklerle keyifli bir sofra payla\u015fan \u0130l M\u00fcd\u00fcr\u00fc Mira\u00e7 S\u00fcnnetci, \u00f6\u011frencilerle s\u0131cak bir sohbet ger\u00e7ekle\u015ftirdi. Etkinlik, g\u00fcn\u00fcn an\u0131s\u0131na \u00e7ekilen hat\u0131ra foto\u011fraf\u0131 ile sona erdi.<br \/><\/p>\n","protected":false},"excerpt":{"rendered":"<p>Afyonkarahisar Hac\u0131 L\u00fctfiye Koca\u015faban Anaokulu\u2019nda d\u00fczenlenen ke\u00e7e at\u00f6lyesi etkinli\u011finde, geleneksel el sanatlar\u0131ndan biri olan ke\u00e7e yap\u0131m\u0131 \u00f6\u011frencilerle birlikte uygulamal\u0131 olarak ger\u00e7ekle\u015ftirildi. Etkinli\u011fe kat\u0131lan Afyonkarahisar \u0130l Milli E\u011fitim M\u00fcd\u00fcr\u00fc Mira\u00e7 S\u00fcnnetci, \u00e7ocuklarla birlikte kuzu y\u00fcnlerinden ke\u00e7e yap\u0131m\u0131n\u0131 deneyimledi. D\u00f6\u015feme, \u0131slama, tepme ve k\u00f6p\u00fckle ovalama gibi geleneksel y\u00f6ntemlerle ke\u00e7e \u00e7al\u0131\u015fmalar\u0131 yapan minikler, hem e\u011flendi hem de el&#8230;<\/p>\n","protected":false},"author":1,"featured_media":32935,"comment_status":"open","ping_status":"open","sticky":false,"template":"","format":"standard","meta":{"_crdt_document":"","footnotes":""},"categories":[1],"tags":[],"class_list":["post-32934","post","type-post","status-publish","format-standard","has-post-thumbnail","hentry","category-guncel"],"_links":{"self":[{"href":"https:\/\/www.egemtv.com\/index.php?rest_route=\/wp\/v2\/posts\/32934","targetHints":{"allow":["GET"]}}],"collection":[{"href":"https:\/\/www.egemtv.com\/index.php?rest_route=\/wp\/v2\/posts"}],"about":[{"href":"https:\/\/www.egemtv.com\/index.php?rest_route=\/wp\/v2\/types\/post"}],"author":[{"embeddable":true,"href":"https:\/\/www.egemtv.com\/index.php?rest_route=\/wp\/v2\/users\/1"}],"replies":[{"embeddable":true,"href":"https:\/\/www.egemtv.com\/index.php?rest_route=%2Fwp%2Fv2%2Fcomments&post=32934"}],"version-history":[{"count":1,"href":"https:\/\/www.egemtv.com\/index.php?rest_route=\/wp\/v2\/posts\/32934\/revisions"}],"predecessor-version":[{"id":32936,"href":"https:\/\/www.egemtv.com\/index.php?rest_route=\/wp\/v2\/posts\/32934\/revisions\/32936"}],"wp:featuredmedia":[{"embeddable":true,"href":"https:\/\/www.egemtv.com\/index.php?rest_route=\/wp\/v2\/media\/32935"}],"wp:attachment":[{"href":"https:\/\/www.egemtv.com\/index.php?rest_route=%2Fwp%2Fv2%2Fmedia&parent=32934"}],"wp:term":[{"taxonomy":"category","embeddable":true,"href":"https:\/\/www.egemtv.com\/index.php?rest_route=%2Fwp%2Fv2%2Fcategories&post=32934"},{"taxonomy":"post_tag","embeddable":true,"href":"https:\/\/www.egemtv.com\/index.php?rest_route=%2Fwp%2Fv2%2Ftags&post=32934"}],"curies":[{"name":"wp","href":"https:\/\/api.w.org\/{rel}","templated":true}]}}