{"id":32931,"date":"2025-06-04T10:15:27","date_gmt":"2025-06-04T07:15:27","guid":{"rendered":"https:\/\/www.egemtv.com\/?p=32931"},"modified":"2025-06-04T10:15:30","modified_gmt":"2025-06-04T07:15:30","slug":"tavsanli-orman-camii-muezzin-ve-cemaatin-eliyle-cicek-bahcesine-dondu","status":"publish","type":"post","link":"https:\/\/www.egemtv.com\/?p=32931","title":{"rendered":"Tav\u015fanl\u0131 Orman Camii m\u00fcezzin ve cemaatin eliyle \u00e7i\u00e7ek bah\u00e7esine d\u00f6nd\u00fc"},"content":{"rendered":"<p>K\u00fctahya\u2019n\u0131n Tav\u015fanl\u0131 il\u00e7esinde bulunan Orman Camii, m\u00fcezzini Mehmet Sakin\u2019in \u00f6nc\u00fcl\u00fc\u011f\u00fcnde ve cemaatin deste\u011fiyle adeta bir \u00e7i\u00e7ek bah\u00e7esine d\u00f6n\u00fc\u015ft\u00fc. Emekli bir \u00f6\u011fretmenin camiye iki \u00e7i\u00e7ek getirmesiyle ba\u015flayan bu anlaml\u0131 giri\u015fim, k\u0131sa s\u00fcrede t\u00fcm cemaatin kat\u0131l\u0131m\u0131yla b\u00fcy\u00fcd\u00fc.<br \/>\n<br \/>M\u00fcezzin Mehmet Sakin, bu g\u00fczel geli\u015fimin ba\u015flang\u0131c\u0131n\u0131 anlat\u0131rken, &#8220;Emekli bir \u00f6\u011fretmenimizin camimize hediye etti\u011fi iki \u00e7i\u00e7ek, i\u00e7imizde bir k\u0131v\u0131lc\u0131m \u00e7akt\u0131rd\u0131. Cemaatin de bu fikre s\u0131cak bakmas\u0131yla birlikte, kom\u015fulardan ve evlerden getirilen rengarenk saks\u0131 \u00e7i\u00e7ekleri caminin i\u00e7ini s\u00fcslemeye ba\u015flad\u0131. Bu sayede yakla\u015f\u0131k 45 adet saks\u0131l\u0131 \u00e7i\u00e7ekle camiye farkl\u0131 ve huzurlu bir atmosfer kat\u0131lmas\u0131 ama\u00e7land\u0131. Cami i\u00e7erisindeki bu g\u00fczelle\u015ftirme \u00e7al\u0131\u015fmalar\u0131n\u0131n yan\u0131 s\u0131ra, caminin bah\u00e7esi de cemaatin ortak \u00e7abas\u0131yla yeniden d\u00fczenlendi. Birlikte dikilen g\u00fcller, biberiyeler, ada\u00e7aylar\u0131 ve nanelerle bah\u00e7e de ayr\u0131 bir g\u00fczelli\u011fe kavu\u015ftu.&#8221; dedi.<br \/>\n<br \/>M\u00fcezzin Sakin, bitkilere verilen \u00f6nemi vurgulayarak, &#8220;\u00c7i\u00e7ekler de t\u0131pk\u0131 insanlar gibi kendi dillerinde zikirlerini yap\u0131yorlar. Onlara \u00f6zen g\u00f6stermek, Allah\u2019a duydu\u011fumuz sayg\u0131n\u0131n bir g\u00f6stergesi,&#8221; ifadelerini kulland\u0131.<br \/>\n<br \/>Cemaatin bu projeye g\u00f6sterdi\u011fi ilgi ve destek ise caminin sadece bir ibadethane olman\u0131n \u00f6tesinde, ayn\u0131 zamanda huzur ve g\u00fczelli\u011fin de merkezi haline geldi\u011fini g\u00f6steriyor.<br \/><\/p>\n","protected":false},"excerpt":{"rendered":"<p>K\u00fctahya\u2019n\u0131n Tav\u015fanl\u0131 il\u00e7esinde bulunan Orman Camii, m\u00fcezzini Mehmet Sakin\u2019in \u00f6nc\u00fcl\u00fc\u011f\u00fcnde ve cemaatin deste\u011fiyle adeta bir \u00e7i\u00e7ek bah\u00e7esine d\u00f6n\u00fc\u015ft\u00fc. Emekli bir \u00f6\u011fretmenin camiye iki \u00e7i\u00e7ek getirmesiyle ba\u015flayan bu anlaml\u0131 giri\u015fim, k\u0131sa s\u00fcrede t\u00fcm cemaatin kat\u0131l\u0131m\u0131yla b\u00fcy\u00fcd\u00fc. M\u00fcezzin Mehmet Sakin, bu g\u00fczel geli\u015fimin ba\u015flang\u0131c\u0131n\u0131 anlat\u0131rken, &#8220;Emekli bir \u00f6\u011fretmenimizin camimize hediye etti\u011fi iki \u00e7i\u00e7ek, i\u00e7imizde bir k\u0131v\u0131lc\u0131m \u00e7akt\u0131rd\u0131&#8230;.<\/p>\n","protected":false},"author":1,"featured_media":32932,"comment_status":"open","ping_status":"open","sticky":false,"template":"","format":"standard","meta":{"_crdt_document":"","footnotes":""},"categories":[123],"tags":[],"class_list":["post-32931","post","type-post","status-publish","format-standard","has-post-thumbnail","hentry","category-gundem"],"_links":{"self":[{"href":"https:\/\/www.egemtv.com\/index.php?rest_route=\/wp\/v2\/posts\/32931","targetHints":{"allow":["GET"]}}],"collection":[{"href":"https:\/\/www.egemtv.com\/index.php?rest_route=\/wp\/v2\/posts"}],"about":[{"href":"https:\/\/www.egemtv.com\/index.php?rest_route=\/wp\/v2\/types\/post"}],"author":[{"embeddable":true,"href":"https:\/\/www.egemtv.com\/index.php?rest_route=\/wp\/v2\/users\/1"}],"replies":[{"embeddable":true,"href":"https:\/\/www.egemtv.com\/index.php?rest_route=%2Fwp%2Fv2%2Fcomments&post=32931"}],"version-history":[{"count":1,"href":"https:\/\/www.egemtv.com\/index.php?rest_route=\/wp\/v2\/posts\/32931\/revisions"}],"predecessor-version":[{"id":32933,"href":"https:\/\/www.egemtv.com\/index.php?rest_route=\/wp\/v2\/posts\/32931\/revisions\/32933"}],"wp:featuredmedia":[{"embeddable":true,"href":"https:\/\/www.egemtv.com\/index.php?rest_route=\/wp\/v2\/media\/32932"}],"wp:attachment":[{"href":"https:\/\/www.egemtv.com\/index.php?rest_route=%2Fwp%2Fv2%2Fmedia&parent=32931"}],"wp:term":[{"taxonomy":"category","embeddable":true,"href":"https:\/\/www.egemtv.com\/index.php?rest_route=%2Fwp%2Fv2%2Fcategories&post=32931"},{"taxonomy":"post_tag","embeddable":true,"href":"https:\/\/www.egemtv.com\/index.php?rest_route=%2Fwp%2Fv2%2Ftags&post=32931"}],"curies":[{"name":"wp","href":"https:\/\/api.w.org\/{rel}","templated":true}]}}