{"id":32928,"date":"2025-06-04T10:15:24","date_gmt":"2025-06-04T07:15:24","guid":{"rendered":"https:\/\/www.egemtv.com\/?p=32928"},"modified":"2025-06-04T10:15:27","modified_gmt":"2025-06-04T07:15:27","slug":"kamyon-carpan-leylek-tedavi-altina-alindi-baskan-surucu-dikkat-cagrisi-yapti","status":"publish","type":"post","link":"https:\/\/www.egemtv.com\/?p=32928","title":{"rendered":"Kamyon \u00e7arpan leylek tedavi alt\u0131na al\u0131nd\u0131, Ba\u015fkan S\u00fcr\u00fcc\u00fc \u2019dikkat\u2019 \u00e7a\u011fr\u0131s\u0131 yapt\u0131"},"content":{"rendered":"<p>Ayd\u0131n\u2019\u0131n S\u00f6ke il\u00e7esine ba\u011fl\u0131 Kisir Mahallesi\u2019nde bir leyle\u011fin yaral\u0131 halde bulunmas\u0131n\u0131n ard\u0131ndan harekete ge\u00e7en EKODOSD, yaral\u0131 leyle\u011fi tedavi alt\u0131na al\u0131rken, anne leyle\u011fin \u00fc\u00e7 yavrusunu tek ba\u015f\u0131na b\u00fcy\u00fctmeye \u00e7al\u0131\u015ft\u0131\u011f\u0131n\u0131 tespit etti.<\/p>\n<p>Afrika\u2019dan T\u00fcrkiye\u2019ye \u00fcremek i\u00e7in gelen leylekler, yavrular\u0131n\u0131 b\u00fcy\u00fctme tela\u015f\u0131na d\u00fc\u015ft\u00fc. Ayd\u0131n\u2019\u0131n bir\u00e7ok mahallesi leyleklere de ev sahipli\u011fi yaparken, bu y\u0131l\u0131n ilk yaral\u0131 leylek haberi S\u00f6ke\u2019ye ba\u011fl\u0131 Kisir Mahallesi\u2019nden geldi. Mahalle sakinlerinden \u00e7ift\u00e7i S\u00fcleyman K\u00fc\u00e7\u00fckceylan, bir bah\u00e7ede sa\u011f kanad\u0131 sark\u0131k bir \u015fekilde u\u00e7amayan leyle\u011fi fark ederek hemen m\u00fcdahale etti. Leyle\u011fi kendi \u00e7iftliklerinde g\u00fcvenli bir alana alan K\u00fc\u00e7\u00fckceylan, durumu Ekosistemi Koruma ve Do\u011fa Sevenler Derne\u011fi\u2019ne bildirdi. \u0130hbar \u00fczerine b\u00f6lgeye gelen EKODOSD ba\u015fkan\u0131 Bahattin S\u00fcr\u00fcc\u00fc, yapt\u0131\u011f\u0131 ilk incelemede leyle\u011fin sa\u011f kanad\u0131nda bir yara oldu\u011funu ve u\u00e7amad\u0131\u011f\u0131n\u0131 tespit etti. S\u0131cak hava nedeniyle \u00f6ncelikle su verilen leylek, ard\u0131ndan beslenmesi sa\u011flanarak Ku\u015fadas\u0131 Do\u011fa Koruma ve Milli Parklar Ayd\u0131n \u015eube M\u00fcd\u00fcrl\u00fc\u011f\u00fc ekiplerine teslim edildi. Yaral\u0131 leylek, tedavi edilmek \u00fczere Veteriner Fak\u00fcltesi\u2019ne g\u00f6t\u00fcr\u00fcl\u00fcrken, yaral\u0131 leylek iyile\u015fmesinin ard\u0131ndan tekrar yuvas\u0131na b\u0131rak\u0131lacak.<\/p>\n<p>Ayn\u0131 zamanda Kisir Mahallesi\u2019nde yap\u0131lan ku\u015f say\u0131mlar\u0131 sonucunda b\u00f6lgede yaln\u0131zca bir leylek yuvas\u0131 oldu\u011fu bilinirken, ekiplerin yuvada yapt\u0131\u011f\u0131 incelemede, yaral\u0131 leyle\u011fin e\u015fi ve \u00fc\u00e7 yavrusunun oldu\u011fu g\u00f6r\u00fcld\u00fc. Anne leylek, e\u015finin yoklu\u011funda t\u00fcm sorumlulu\u011fu \u00fcstlenerek yavrular\u0131n\u0131 beslemek i\u00e7in yo\u011fun \u00e7aba harcamaya ba\u015flad\u0131\u011f\u0131n\u0131 ifade eden Ba\u015fkan S\u00fcr\u00fcc\u00fc; &#8220;Afrika\u2019dan \u00fclkemize \u00fcremek i\u00e7in gelen leyleklerin yavrular\u0131 yumurtadan \u00e7\u0131kt\u0131 ve ebeveynler g\u00f6sterdikleri gayretlerle besin bularak yavrular\u0131n\u0131 b\u00fcy\u00fctmeye ba\u015flad\u0131lar. Bu y\u0131l ilk yaral\u0131 leylek haberi S\u00f6ke\u2019ye ba\u011fl\u0131 Kisir k\u00f6y\u00fcnden geldi. K\u00f6ye yak\u0131n bir bah\u00e7ede kanad\u0131n\u0131n birinin a\u015fa\u011f\u0131 sark\u0131k \u015fekilde duran leyle\u011fin u\u00e7amad\u0131\u011f\u0131n\u0131 fark eden \u00e7ift\u00e7i S\u00fcleyman K\u00fc\u00e7\u00fckceylan leyle\u011fi yakalay\u0131p, \u00e7iftliklerinde bir k\u00fcmese kapatarak yard\u0131m istedi. \u00c7iftlikte yapt\u0131\u011f\u0131m\u0131z incelemede leyle\u011fin sa\u011f kanad\u0131nda bir yara olu\u015ftu\u011funu ve kanad\u0131n\u0131 kald\u0131ramad\u0131\u011f\u0131n\u0131 tespit ettik. Havan\u0131n s\u0131cak olmas\u0131 nedeniyle \u00f6nce su i\u00e7mesini sa\u011flad\u0131k. Sonra da yan\u0131m\u0131zda getirdi\u011fimiz yiyecekle besledik. Kisir k\u00f6y\u00fcnde yapm\u0131\u015f oldu\u011fumuz say\u0131mlarda tek yuva oldu\u011funu biliyorduk. Yuvaya gitti\u011fimizde leyle\u011fin e\u015fi ve 3 yavrusunu g\u00f6rd\u00fck. E\u015fi yaraland\u0131\u011f\u0131ndan yavrular\u0131n t\u00fcm sorumlulu\u011fu yuvadaki leyle\u011fe kald\u0131. Bir s\u00fcre izleme yapt\u0131k. Yavrular\u0131na su getirdi ve i\u00e7irdi. Daha sonra tekrar tarlalara do\u011fru u\u00e7tu. Muhtemelen hem kendisinin hem de yavrular\u0131n\u0131n beslenmelerini sa\u011flayacak yiyecek aray\u0131\u015f\u0131na gitti. Anne leylek 3 yavruyu besleyip b\u00fcy\u00fctmek i\u00e7in ola\u011fan\u00fcst\u00fc bir gayret g\u00f6sterecek. Leyle\u011fin yuvada yavrular\u0131n\u0131 besleyip beslemedi\u011fini kontrol etmesi ve olumsuz bir durumda haber vermesi i\u00e7in Bakir Suna g\u00f6n\u00fcll\u00fc oldu. Bu konuda duyarl\u0131l\u0131k g\u00f6steren Kisir k\u00f6yl\u00fclerini te\u015fekk\u00fcr ediyoruz&#8221; dedi.<\/p>\n<p>S\u00fcr\u00fcc\u00fc\u2019den \u2019dikkat\u2019 \u00e7a\u011fr\u0131s\u0131<br \/>\n<br \/>Leyle\u011fin bir kamyonun \u00e7arpmas\u0131 sonucu yaraland\u0131\u011f\u0131n\u0131 ifade eden S\u00fcr\u00fcc\u00fc; &#8220;K\u00f6yl\u00fclerin s\u00f6ylemine g\u00f6re leylek bir kamyon taraf\u0131ndan \u00e7arp\u0131larak yaralanm\u0131\u015f. Leylekler bazen yoldan ge\u00e7en y\u0131lan ve kertenkele gibi s\u00fcr\u00fcngenleri avlamak i\u00e7in yola iniyor ve al\u00e7aktan u\u00e7abiliyorlar. Ge\u00e7mi\u015f d\u00f6nemlerde de Azap G\u00f6l\u00fc k\u0131y\u0131s\u0131nda bir maden kamyonu taraf\u0131ndan leylekler \u00e7arp\u0131lm\u0131\u015ft\u0131. K\u00f6y yollar\u0131 dar olmas\u0131na ra\u011fmen, maden kamyonlar\u0131 a\u015f\u0131r\u0131 s\u00fcrat yapmaktad\u0131r. Y\u00f6redeki k\u00fc\u00e7\u00fck ara\u00e7lar bile maden kamyonlar\u0131n\u0131n s\u00fcratlerinden \u015fikayet\u00e7iler. Yola her an bir \u00e7ocuk ya da di\u011fer hayvanlar da \u00e7\u0131kabilir. Bir kaza ya\u015fanmamas\u0131 i\u00e7in maden kamyonlar\u0131n\u0131n mutlaka denetimleri yap\u0131lmal\u0131 ve s\u00fcratli gitmeleri engellenmelidir&#8221; \u015feklinde konu\u015ftu.<br \/><\/p>\n","protected":false},"excerpt":{"rendered":"<p>Ayd\u0131n\u2019\u0131n S\u00f6ke il\u00e7esine ba\u011fl\u0131 Kisir Mahallesi\u2019nde bir leyle\u011fin yaral\u0131 halde bulunmas\u0131n\u0131n ard\u0131ndan harekete ge\u00e7en EKODOSD, yaral\u0131 leyle\u011fi tedavi alt\u0131na al\u0131rken, anne leyle\u011fin \u00fc\u00e7 yavrusunu tek ba\u015f\u0131na b\u00fcy\u00fctmeye \u00e7al\u0131\u015ft\u0131\u011f\u0131n\u0131 tespit etti. Afrika\u2019dan T\u00fcrkiye\u2019ye \u00fcremek i\u00e7in gelen leylekler, yavrular\u0131n\u0131 b\u00fcy\u00fctme tela\u015f\u0131na d\u00fc\u015ft\u00fc. Ayd\u0131n\u2019\u0131n bir\u00e7ok mahallesi leyleklere de ev sahipli\u011fi yaparken, bu y\u0131l\u0131n ilk yaral\u0131 leylek haberi S\u00f6ke\u2019ye&#8230;<\/p>\n","protected":false},"author":1,"featured_media":32929,"comment_status":"open","ping_status":"open","sticky":false,"template":"","format":"standard","meta":{"_crdt_document":"","footnotes":""},"categories":[1],"tags":[],"class_list":["post-32928","post","type-post","status-publish","format-standard","has-post-thumbnail","hentry","category-guncel"],"_links":{"self":[{"href":"https:\/\/www.egemtv.com\/index.php?rest_route=\/wp\/v2\/posts\/32928","targetHints":{"allow":["GET"]}}],"collection":[{"href":"https:\/\/www.egemtv.com\/index.php?rest_route=\/wp\/v2\/posts"}],"about":[{"href":"https:\/\/www.egemtv.com\/index.php?rest_route=\/wp\/v2\/types\/post"}],"author":[{"embeddable":true,"href":"https:\/\/www.egemtv.com\/index.php?rest_route=\/wp\/v2\/users\/1"}],"replies":[{"embeddable":true,"href":"https:\/\/www.egemtv.com\/index.php?rest_route=%2Fwp%2Fv2%2Fcomments&post=32928"}],"version-history":[{"count":1,"href":"https:\/\/www.egemtv.com\/index.php?rest_route=\/wp\/v2\/posts\/32928\/revisions"}],"predecessor-version":[{"id":32930,"href":"https:\/\/www.egemtv.com\/index.php?rest_route=\/wp\/v2\/posts\/32928\/revisions\/32930"}],"wp:featuredmedia":[{"embeddable":true,"href":"https:\/\/www.egemtv.com\/index.php?rest_route=\/wp\/v2\/media\/32929"}],"wp:attachment":[{"href":"https:\/\/www.egemtv.com\/index.php?rest_route=%2Fwp%2Fv2%2Fmedia&parent=32928"}],"wp:term":[{"taxonomy":"category","embeddable":true,"href":"https:\/\/www.egemtv.com\/index.php?rest_route=%2Fwp%2Fv2%2Fcategories&post=32928"},{"taxonomy":"post_tag","embeddable":true,"href":"https:\/\/www.egemtv.com\/index.php?rest_route=%2Fwp%2Fv2%2Ftags&post=32928"}],"curies":[{"name":"wp","href":"https:\/\/api.w.org\/{rel}","templated":true}]}}