{"id":32925,"date":"2025-06-04T10:15:21","date_gmt":"2025-06-04T07:15:21","guid":{"rendered":"https:\/\/www.egemtv.com\/?p=32925"},"modified":"2025-06-04T10:15:24","modified_gmt":"2025-06-04T07:15:24","slug":"kutahya-tavsanlida-bayram-oncesi-bicak-bileme-yogunlugu","status":"publish","type":"post","link":"https:\/\/www.egemtv.com\/?p=32925","title":{"rendered":"K\u00fctahya Tav\u015fanl\u0131\u2019da bayram \u00f6ncesi b\u0131\u00e7ak bileme yo\u011funlu\u011fu"},"content":{"rendered":"<p>K\u00fctahya\u2019n\u0131n Tav\u015fanl\u0131 il\u00e7esinde, Kurban Bayram\u0131\u2019na say\u0131l\u0131 g\u00fcnler kala Durak Mahallesi Uzunar\u015f\u0131\u2019da b\u0131\u00e7ak bileme tela\u015f\u0131 ya\u015fan\u0131yor.<br \/>\n<br \/>Yakla\u015f\u0131k 30 y\u0131ld\u0131r bu i\u015fi yapan Mehmet Hakarayan, bayram \u00f6ncesinde vatanda\u015flar\u0131n kurban kesimi i\u00e7in b\u0131\u00e7aklar\u0131n\u0131 biletmek i\u00e7in yo\u011fun ilgi g\u00f6sterdi\u011fini belirtiyor. Hakarayan, b\u0131\u00e7ak bileme fiyatlar\u0131n\u0131n 30 TL, sat\u0131r bileme fiyatlar\u0131n\u0131n ise 50 TL oldu\u011funu ifade ediyor. Vatanda\u015flar\u0131n kurban kesimini daha rahat ve g\u00fcvenli bir \u015fekilde yapabilmeleri i\u00e7in b\u0131\u00e7aklar\u0131n\u0131 zaman\u0131nda biletmelerinin \u00f6nemini vurguluyor.<br \/>\n<br \/>Bayram \u00f6ncesi artan talep nedeniyle yo\u011fun bir tempoda \u00e7al\u0131\u015ft\u0131\u011f\u0131n\u0131 dile getiren Mehmet Hakarayan, &#8220;Kurban Bayram\u0131 \u00f6ncesi b\u0131\u00e7ak bileme i\u015fleri olduk\u00e7a yo\u011funla\u015f\u0131yor. Vatanda\u015flar\u0131m\u0131z kurbanlar\u0131n\u0131 keskin b\u0131\u00e7aklarla kesmek istiyorlar. Biz de elimizden geldi\u011fince onlar\u0131n bu ihtiya\u00e7lar\u0131n\u0131 kar\u015f\u0131lamaya \u00e7al\u0131\u015f\u0131yoruz&#8221; dedi.<br \/>\n<br \/>Uzun y\u0131llard\u0131r bu mesle\u011fi icra eden Hakarayan, tecr\u00fcbesiyle vatanda\u015flara en iyi hizmeti sunmaya gayret ediyor. Bayram boyunca da b\u0131\u00e7ak bileme hizmetine devam edece\u011fini belirten Hakarayan, t\u00fcm \u0130slam aleminin Kurban Bayram\u0131\u2019n\u0131 tebrik etti.<br \/><\/p>\n","protected":false},"excerpt":{"rendered":"<p>K\u00fctahya\u2019n\u0131n Tav\u015fanl\u0131 il\u00e7esinde, Kurban Bayram\u0131\u2019na say\u0131l\u0131 g\u00fcnler kala Durak Mahallesi Uzunar\u015f\u0131\u2019da b\u0131\u00e7ak bileme tela\u015f\u0131 ya\u015fan\u0131yor. Yakla\u015f\u0131k 30 y\u0131ld\u0131r bu i\u015fi yapan Mehmet Hakarayan, bayram \u00f6ncesinde vatanda\u015flar\u0131n kurban kesimi i\u00e7in b\u0131\u00e7aklar\u0131n\u0131 biletmek i\u00e7in yo\u011fun ilgi g\u00f6sterdi\u011fini belirtiyor. Hakarayan, b\u0131\u00e7ak bileme fiyatlar\u0131n\u0131n 30 TL, sat\u0131r bileme fiyatlar\u0131n\u0131n ise 50 TL oldu\u011funu ifade ediyor. Vatanda\u015flar\u0131n kurban kesimini daha&#8230;<\/p>\n","protected":false},"author":1,"featured_media":32926,"comment_status":"open","ping_status":"open","sticky":false,"template":"","format":"standard","meta":{"_crdt_document":"","footnotes":""},"categories":[123],"tags":[],"class_list":["post-32925","post","type-post","status-publish","format-standard","has-post-thumbnail","hentry","category-gundem"],"_links":{"self":[{"href":"https:\/\/www.egemtv.com\/index.php?rest_route=\/wp\/v2\/posts\/32925","targetHints":{"allow":["GET"]}}],"collection":[{"href":"https:\/\/www.egemtv.com\/index.php?rest_route=\/wp\/v2\/posts"}],"about":[{"href":"https:\/\/www.egemtv.com\/index.php?rest_route=\/wp\/v2\/types\/post"}],"author":[{"embeddable":true,"href":"https:\/\/www.egemtv.com\/index.php?rest_route=\/wp\/v2\/users\/1"}],"replies":[{"embeddable":true,"href":"https:\/\/www.egemtv.com\/index.php?rest_route=%2Fwp%2Fv2%2Fcomments&post=32925"}],"version-history":[{"count":1,"href":"https:\/\/www.egemtv.com\/index.php?rest_route=\/wp\/v2\/posts\/32925\/revisions"}],"predecessor-version":[{"id":32927,"href":"https:\/\/www.egemtv.com\/index.php?rest_route=\/wp\/v2\/posts\/32925\/revisions\/32927"}],"wp:featuredmedia":[{"embeddable":true,"href":"https:\/\/www.egemtv.com\/index.php?rest_route=\/wp\/v2\/media\/32926"}],"wp:attachment":[{"href":"https:\/\/www.egemtv.com\/index.php?rest_route=%2Fwp%2Fv2%2Fmedia&parent=32925"}],"wp:term":[{"taxonomy":"category","embeddable":true,"href":"https:\/\/www.egemtv.com\/index.php?rest_route=%2Fwp%2Fv2%2Fcategories&post=32925"},{"taxonomy":"post_tag","embeddable":true,"href":"https:\/\/www.egemtv.com\/index.php?rest_route=%2Fwp%2Fv2%2Ftags&post=32925"}],"curies":[{"name":"wp","href":"https:\/\/api.w.org\/{rel}","templated":true}]}}