{"id":32922,"date":"2025-06-04T09:56:10","date_gmt":"2025-06-04T06:56:10","guid":{"rendered":"https:\/\/www.egemtv.com\/?p=32922"},"modified":"2025-06-04T09:56:14","modified_gmt":"2025-06-04T06:56:14","slug":"denizli-kurban-pazarinin-en-buyugu-tosun-310-bin-tlye-satildi","status":"publish","type":"post","link":"https:\/\/www.egemtv.com\/?p=32922","title":{"rendered":"Denizli kurban pazar\u0131n\u0131n en b\u00fcy\u00fc\u011f\u00fc tosun 310 bin TL\u2019ye sat\u0131ld\u0131"},"content":{"rendered":"<p>Kurban Bayram\u0131\u2019na say\u0131l\u0131 g\u00fcnler kala kurban pazarlar\u0131ndan hareketlilik artt\u0131. Denizli Kurban Pazar\u0131nda 1 ton 50 kilo ile pazar\u0131n en b\u00fcy\u00fc\u011f\u00fc olan tosun 310 bin TL\u2019ye al\u0131c\u0131s\u0131n\u0131 buldu.<\/p>\n<p>Denizli\u2019de yakla\u015fan Kurban Bayram\u0131 \u00f6ncesinde hayvan pazar\u0131nda hareketlilik ba\u015flad\u0131. S\u0131k\u0131 pazarl\u0131klar\u0131n yap\u0131ld\u0131\u011f\u0131 pazarda, hem \u00fcreticinin hem de al\u0131c\u0131lar\u0131n y\u00fcz\u00fc g\u00fcl\u00fcyor. Denizli Kurban Pazar\u0131nda en b\u00fcy\u00fc\u011f\u00fc olan 1 ton 50 kilogram gelen tosun al\u0131c\u0131s\u0131n\u0131 buldu. Kurban pazar\u0131n\u0131n g\u00f6zdesi haline gelen tosun vatanda\u015flar\u0131n b\u00fcy\u00fck ilgisini \u00e7ekti. \u00c7ocu\u011fu gibi bakt\u0131\u011f\u0131n\u0131 ifade eden besici Bilal Eren, &#8220;G\u00f6r\u00fcnt\u00fcs\u00fc itibariyle pazarda herkes ilgi g\u00f6steriyordu ama tosunum al\u0131c\u0131s\u0131 \u00e7\u0131kt\u0131 bizde hay\u0131rl\u0131s\u0131yla verdik&#8221; dedi.<\/p>\n<p>&#8220;Tosunum 1 ton 50 kilo ile pazar\u0131n en b\u00fcy\u00fc\u011f\u00fc konumunda&#8221;<br \/>\n<br \/>Besici Bilal Eren yapt\u0131\u011f\u0131 a\u00e7\u0131klamada, &#8220;Hayvan\u0131m\u0131z 1 ton 50 kilo ile bu pazaryerinin en b\u00fcy\u00fc\u011f\u00fc konumunda. Bu sene ise hayvan\u0131m\u0131z\u0131 310 bin TL\u2019ye satt\u0131k. \u00c7ocu\u011fumuz gibi bak\u0131yorduk. Elimizden geldi\u011fince g\u00fczel besledik, iyi bakt\u0131k bu sene art\u0131k bizden gidiyor. Hay\u0131rl\u0131s\u0131 olsun&#8221; dedi.<br \/><\/p>\n","protected":false},"excerpt":{"rendered":"<p>Kurban Bayram\u0131\u2019na say\u0131l\u0131 g\u00fcnler kala kurban pazarlar\u0131ndan hareketlilik artt\u0131. Denizli Kurban Pazar\u0131nda 1 ton 50 kilo ile pazar\u0131n en b\u00fcy\u00fc\u011f\u00fc olan tosun 310 bin TL\u2019ye al\u0131c\u0131s\u0131n\u0131 buldu. Denizli\u2019de yakla\u015fan Kurban Bayram\u0131 \u00f6ncesinde hayvan pazar\u0131nda hareketlilik ba\u015flad\u0131. S\u0131k\u0131 pazarl\u0131klar\u0131n yap\u0131ld\u0131\u011f\u0131 pazarda, hem \u00fcreticinin hem de al\u0131c\u0131lar\u0131n y\u00fcz\u00fc g\u00fcl\u00fcyor. Denizli Kurban Pazar\u0131nda en b\u00fcy\u00fc\u011f\u00fc olan 1 ton&#8230;<\/p>\n","protected":false},"author":1,"featured_media":32923,"comment_status":"open","ping_status":"open","sticky":false,"template":"","format":"standard","meta":{"_crdt_document":"","footnotes":""},"categories":[125],"tags":[],"class_list":["post-32922","post","type-post","status-publish","format-standard","has-post-thumbnail","hentry","category-ekonomi"],"_links":{"self":[{"href":"https:\/\/www.egemtv.com\/index.php?rest_route=\/wp\/v2\/posts\/32922","targetHints":{"allow":["GET"]}}],"collection":[{"href":"https:\/\/www.egemtv.com\/index.php?rest_route=\/wp\/v2\/posts"}],"about":[{"href":"https:\/\/www.egemtv.com\/index.php?rest_route=\/wp\/v2\/types\/post"}],"author":[{"embeddable":true,"href":"https:\/\/www.egemtv.com\/index.php?rest_route=\/wp\/v2\/users\/1"}],"replies":[{"embeddable":true,"href":"https:\/\/www.egemtv.com\/index.php?rest_route=%2Fwp%2Fv2%2Fcomments&post=32922"}],"version-history":[{"count":1,"href":"https:\/\/www.egemtv.com\/index.php?rest_route=\/wp\/v2\/posts\/32922\/revisions"}],"predecessor-version":[{"id":32924,"href":"https:\/\/www.egemtv.com\/index.php?rest_route=\/wp\/v2\/posts\/32922\/revisions\/32924"}],"wp:featuredmedia":[{"embeddable":true,"href":"https:\/\/www.egemtv.com\/index.php?rest_route=\/wp\/v2\/media\/32923"}],"wp:attachment":[{"href":"https:\/\/www.egemtv.com\/index.php?rest_route=%2Fwp%2Fv2%2Fmedia&parent=32922"}],"wp:term":[{"taxonomy":"category","embeddable":true,"href":"https:\/\/www.egemtv.com\/index.php?rest_route=%2Fwp%2Fv2%2Fcategories&post=32922"},{"taxonomy":"post_tag","embeddable":true,"href":"https:\/\/www.egemtv.com\/index.php?rest_route=%2Fwp%2Fv2%2Ftags&post=32922"}],"curies":[{"name":"wp","href":"https:\/\/api.w.org\/{rel}","templated":true}]}}