{"id":32919,"date":"2025-06-04T09:56:05","date_gmt":"2025-06-04T06:56:05","guid":{"rendered":"https:\/\/www.egemtv.com\/?p=32919"},"modified":"2025-06-04T09:56:10","modified_gmt":"2025-06-04T06:56:10","slug":"milletvekili-un-netanyahu-islam-dunyasina-meydan-okuyor","status":"publish","type":"post","link":"https:\/\/www.egemtv.com\/?p=32919","title":{"rendered":"Milletvekili \u00dcn; &#8220;Netanyahu, \u0130slam d\u00fcnyas\u0131na meydan okuyor&#8221;"},"content":{"rendered":"<p>Gelecek Partisi Denizli Milletvekili Sema Silkin \u00dcn, Netanyahu\u2019nun Kud\u00fcs a\u00e7\u0131klamas\u0131na tepki g\u00f6stererek, &#8220;Netanyahu\u2019nun meydan okumas\u0131na kar\u015f\u0131l\u0131k milletin vicdan\u0131 susturulmak isteniyor, biz susarsak tarih susar&#8221; dedi.<\/p>\n<p>Gelecek Partisi Denizli Milletvekili Sema Silkin \u00dcn, Mecliste yapt\u0131\u011f\u0131 konu\u015fmayla hem \u0130srail\u2019in Kud\u00fcs\u2019teki tahribat\u0131na hem de T\u00fcrkiye\u2019de Filistin\u2019e destek eylemlerine uygulanan m\u00fcdahalelere sert tepki g\u00f6sterdi. Milletvekili \u00dcn, \u0130srail Ba\u015fbakan\u0131 Netanyahu\u2019nun Mescid-i Aksa\u2019n\u0131n alt\u0131na kaz\u0131lan t\u00fcneller \u00f6n\u00fcnde verdi\u011fi mesaj\u0131 &#8220;\u0130slam d\u00fcnyas\u0131na meydan okuma&#8221; olarak de\u011ferlendirdi. &#8220;Mescid-i Aksa her an y\u0131k\u0131labilir&#8221; uyar\u0131lar\u0131n\u0131 hat\u0131rlatan Milletvekili \u00dcn, bu geli\u015fmeler kar\u015f\u0131s\u0131ndaki sessiz kal\u0131nd\u0131\u011f\u0131n\u0131 \u00f6ne s\u00fcrerek; &#8220;Millet y\u00fcre\u011findeki yang\u0131n\u0131 s\u00f6nd\u00fcrmek i\u00e7in kar\u0131nca misali elimden ne gelir diye \u00e7abal\u0131yor. Peki, devletin kolluk kuvvetleri nas\u0131l muamele ediyor? \u0130srail\u2019e m\u00fchimmat ta\u015f\u0131d\u0131\u011f\u0131 iddia edilen gemiyi protesto eden gen\u00e7ler bir geceyi nezarette ge\u00e7iriyor. Adana\u2019da ABD Konsoloslu\u011funu protesto eden kad\u0131n g\u00f6zalt\u0131na al\u0131n\u0131yor. Ankara\u2019da \u0130srail B\u00fcy\u00fckel\u00e7ili\u011fi \u00f6n\u00fcnde oturma eylemi yapan bir kad\u0131n yerlerde s\u00fcr\u00fckleniyor ve bunun gibi daha nice \u00f6rnekler her g\u00fcn kar\u015f\u0131m\u0131za \u00e7\u0131k\u0131yor bu protestolarda. Soruyorum size, bu eylemlerden hangisi \u015fiddet i\u00e7eriyor? Hi\u00e7biri. Peki, bu m\u00fcdahalelerin sebebi ne? Filistin\u2019i sadece siz mi konu\u015fmak istiyorsunuz, sadece sizin se\u00e7ti\u011finiz zamanda, sizin uygun g\u00f6rd\u00fc\u011f\u00fcn\u00fcz mek\u00e2nda, sizin a\u011fz\u0131n\u0131zdan ve sizin belirledi\u011finiz dozda m\u0131 getirilecek Filistin\u2019le alakal\u0131 olan zul\u00fcm?&#8221; dedi.<\/p>\n<p>&#8220;Filistin\u2019e destek kriminalize ediliyor&#8221;<br \/>\n<br \/>Filistin\u2019e destek eylemlerinde ya\u015fananlar\u0131 m\u00fcnferit olaylar gibi g\u00f6stermenin ger\u00e7e\u011fi \u00f6rtmeyece\u011fini savunan \u00dcn, &#8220;Bat\u0131 ba\u015fkentlerinde Filistin lehine eylemler yap\u0131l\u0131yor, alk\u0131\u015fl\u0131yorsunuz; ayn\u0131 protestolar Ankara\u2019da olunca kad\u0131nlar\u0131 yerlerde s\u00fcr\u00fckl\u00fcyorsunuz. Bat\u0131\u2019da polis m\u00fcdahale edince k\u0131n\u0131yorsunuz, bizde olunca sessizli\u011fe g\u00f6m\u00fcl\u00fcyorsunuz. Bu \u00e7ifte standard\u0131 g\u00f6ren milletin akl\u0131yla dalga m\u0131 ge\u00e7iyorsunuz? Bu \u00fclkenin kad\u0131nlar\u0131 sadece vicdanlar\u0131yla, sadece elindeki pankartlar\u0131yla direniyorlar ama g\u00f6rd\u00fckleri muamele sanki onlar sava\u015f su\u00e7lusu. Bu tav\u0131r \u0130srail\u2019e g\u00fcven, Filistin\u2019e korku vermekten ba\u015fka hi\u00e7bir i\u015fe yaram\u0131yor. A\u00e7\u0131k\u00e7a soruyorum: Bizim \u00fclkemizde \u0130srail\u2019in g\u00fcvenli\u011fini teminat alt\u0131na alan yasalar m\u0131 uygulan\u0131yor? Gazze\u2019den gelen g\u00f6r\u00fcnt\u00fclerle zaten milletimizin y\u00fcre\u011fi parampar\u00e7a, bir de siz kendi evlad\u0131na cop, biber gaz\u0131 ve kelep\u00e7eyle yakla\u015f\u0131yorsunuz ve sak\u0131n, kimse \u00e7\u0131k\u0131p &#8220;Bunlar m\u00fcnferit hadiselerdir.&#8221; demesin. Ortada sistematik bir el, karanl\u0131k bir el, kirli bir niyet var; Filistin\u2019e destek vermeyi kriminalize etmek isteyen, bu \u00fclkenin vicdan\u0131n\u0131 susturmak isteyen bir ak\u0131l var. Ben buradan o akla sesleniyorum: Bedeli ne olursa olsun bu milletin kalbi Filistin\u2019le bir atmaya devam edecek. Yapaca\u011f\u0131n\u0131z hi\u00e7bir \u015fey bu \u00f6fkenin \u00f6n\u00fcne ge\u00e7meyecek, bu topraklar\u0131n her kar\u0131\u015f\u0131nda Siyonist ter\u00f6r devleti telin edilmeye devam edilecek \u00e7\u00fcnk\u00fc biz Kud\u00fcs\u2019\u00fc miras sayan bir milletin \u00e7ocuklar\u0131y\u0131z ve biz susarsak tarih susar, konu\u015fursak \u00fcmmet aya\u011fa kalkar diye inan\u0131yoruz. \u0130nsanl\u0131k bizden aya\u011fa kalkmam\u0131z\u0131 bekliyor, sessizli\u011fimizi de\u011fil&#8221; diye konu\u015ftu.<br \/><\/p>\n","protected":false},"excerpt":{"rendered":"<p>Gelecek Partisi Denizli Milletvekili Sema Silkin \u00dcn, Netanyahu\u2019nun Kud\u00fcs a\u00e7\u0131klamas\u0131na tepki g\u00f6stererek, &#8220;Netanyahu\u2019nun meydan okumas\u0131na kar\u015f\u0131l\u0131k milletin vicdan\u0131 susturulmak isteniyor, biz susarsak tarih susar&#8221; dedi. Gelecek Partisi Denizli Milletvekili Sema Silkin \u00dcn, Mecliste yapt\u0131\u011f\u0131 konu\u015fmayla hem \u0130srail\u2019in Kud\u00fcs\u2019teki tahribat\u0131na hem de T\u00fcrkiye\u2019de Filistin\u2019e destek eylemlerine uygulanan m\u00fcdahalelere sert tepki g\u00f6sterdi. Milletvekili \u00dcn, \u0130srail Ba\u015fbakan\u0131 Netanyahu\u2019nun&#8230;<\/p>\n","protected":false},"author":1,"featured_media":32920,"comment_status":"open","ping_status":"open","sticky":false,"template":"","format":"standard","meta":{"_crdt_document":"","footnotes":""},"categories":[127],"tags":[],"class_list":["post-32919","post","type-post","status-publish","format-standard","has-post-thumbnail","hentry","category-siyaset"],"_links":{"self":[{"href":"https:\/\/www.egemtv.com\/index.php?rest_route=\/wp\/v2\/posts\/32919","targetHints":{"allow":["GET"]}}],"collection":[{"href":"https:\/\/www.egemtv.com\/index.php?rest_route=\/wp\/v2\/posts"}],"about":[{"href":"https:\/\/www.egemtv.com\/index.php?rest_route=\/wp\/v2\/types\/post"}],"author":[{"embeddable":true,"href":"https:\/\/www.egemtv.com\/index.php?rest_route=\/wp\/v2\/users\/1"}],"replies":[{"embeddable":true,"href":"https:\/\/www.egemtv.com\/index.php?rest_route=%2Fwp%2Fv2%2Fcomments&post=32919"}],"version-history":[{"count":1,"href":"https:\/\/www.egemtv.com\/index.php?rest_route=\/wp\/v2\/posts\/32919\/revisions"}],"predecessor-version":[{"id":32921,"href":"https:\/\/www.egemtv.com\/index.php?rest_route=\/wp\/v2\/posts\/32919\/revisions\/32921"}],"wp:featuredmedia":[{"embeddable":true,"href":"https:\/\/www.egemtv.com\/index.php?rest_route=\/wp\/v2\/media\/32920"}],"wp:attachment":[{"href":"https:\/\/www.egemtv.com\/index.php?rest_route=%2Fwp%2Fv2%2Fmedia&parent=32919"}],"wp:term":[{"taxonomy":"category","embeddable":true,"href":"https:\/\/www.egemtv.com\/index.php?rest_route=%2Fwp%2Fv2%2Fcategories&post=32919"},{"taxonomy":"post_tag","embeddable":true,"href":"https:\/\/www.egemtv.com\/index.php?rest_route=%2Fwp%2Fv2%2Ftags&post=32919"}],"curies":[{"name":"wp","href":"https:\/\/api.w.org\/{rel}","templated":true}]}}