{"id":32901,"date":"2025-06-04T07:54:47","date_gmt":"2025-06-04T04:54:47","guid":{"rendered":"https:\/\/www.egemtv.com\/?p=32901"},"modified":"2025-06-04T07:54:52","modified_gmt":"2025-06-04T04:54:52","slug":"tek-kisilik-hizmet-ordusu","status":"publish","type":"post","link":"https:\/\/www.egemtv.com\/?p=32901","title":{"rendered":"Tek ki\u015filik hizmet ordusu"},"content":{"rendered":"<p>MAN\u0130SA (\u0130HA) \u2013 Manisa\u2019n\u0131n Selendi il\u00e7esinde g\u00f6rev yapan Cami \u0130mam Hatibi Kas\u0131m Toprak, imaml\u0131\u011f\u0131n\u0131n yan\u0131 s\u0131ra camide yapt\u0131\u011f\u0131 ustal\u0131k \u00e7al\u0131\u015fmalar\u0131yla takdir topluyor.<br \/>\n<br \/>51 ya\u015f\u0131nda ve 3 \u00e7ocuk babas\u0131 olan Kas\u0131m Toprak, 14 y\u0131l \u00f6nce Diyanet \u0130\u015fleri Ba\u015fkanl\u0131\u011f\u0131\u2019nda imam hatip olarak g\u00f6reve ba\u015flad\u0131. 10 y\u0131l \u00f6nce Selendi il\u00e7esi Eskin Mahallesi Kara\u00e7a\u011f\u0131l Sokak\u2019taki camiye atanan Toprak, g\u00f6reve ba\u015flad\u0131\u011f\u0131 g\u00fcnden bu yana caminin bak\u0131m ve onar\u0131m i\u015flerini de \u00fcstlenerek \u00f6rnek bir tutum sergiledi.<br \/>\n<br \/>Namaz vakitlerinde imaml\u0131k g\u00f6revini yerine getiren Toprak, vakit d\u0131\u015f\u0131nda ise eline ald\u0131\u011f\u0131 in\u015faat malzemeleriyle caminin eksiklerini gidermeye \u00e7al\u0131\u015f\u0131yor. Caminin duvarlar\u0131n\u0131 \u00f6r\u00fcp s\u0131va yapan, \u00e7im bi\u00e7me makinesiyle cami \u00e7evresindeki otlar\u0131 temizleyen, bas\u0131n\u00e7l\u0131 su makinesiyle cami hal\u0131lar\u0131n\u0131 y\u0131kayan Toprak, boya ve peyzaj i\u015flerini de kendisi y\u00fcr\u00fct\u00fcyor.<br \/>\n<br \/>Toprak\u2019\u0131n en dikkat \u00e7eken \u00e7al\u0131\u015fmalardan biri ise minaresi bulunmayan camiye mahalle halk\u0131n\u0131n da deste\u011fiyle minare kazand\u0131rmas\u0131 oldu. Mahalle halk\u0131n\u0131n takdirini kazanan Toprak, verilen her i\u015fi sahiplenerek g\u00f6n\u00fcll\u00fc olarak \u00e7al\u0131\u015fmalara kat\u0131l\u0131rken, &#8220;Bize verilen \u00fccretin kar\u015f\u0131l\u0131\u011f\u0131n\u0131 helal olarak vermeye \u00e7al\u0131\u015f\u0131yoruz. Rabbim bizlere sa\u011fl\u0131k verdi\u011fi s\u00fcrece g\u00f6rev yapt\u0131\u011f\u0131m\u0131z yerlerde eksiklerimizi gidermeye devam edece\u011fiz.&#8221; dedi.<br \/><\/p>\n","protected":false},"excerpt":{"rendered":"<p>MAN\u0130SA (\u0130HA) \u2013 Manisa\u2019n\u0131n Selendi il\u00e7esinde g\u00f6rev yapan Cami \u0130mam Hatibi Kas\u0131m Toprak, imaml\u0131\u011f\u0131n\u0131n yan\u0131 s\u0131ra camide yapt\u0131\u011f\u0131 ustal\u0131k \u00e7al\u0131\u015fmalar\u0131yla takdir topluyor. 51 ya\u015f\u0131nda ve 3 \u00e7ocuk babas\u0131 olan Kas\u0131m Toprak, 14 y\u0131l \u00f6nce Diyanet \u0130\u015fleri Ba\u015fkanl\u0131\u011f\u0131\u2019nda imam hatip olarak g\u00f6reve ba\u015flad\u0131. 10 y\u0131l \u00f6nce Selendi il\u00e7esi Eskin Mahallesi Kara\u00e7a\u011f\u0131l Sokak\u2019taki camiye atanan Toprak, g\u00f6reve&#8230;<\/p>\n","protected":false},"author":1,"featured_media":32902,"comment_status":"open","ping_status":"open","sticky":false,"template":"","format":"standard","meta":{"_crdt_document":"","footnotes":""},"categories":[123],"tags":[],"class_list":["post-32901","post","type-post","status-publish","format-standard","has-post-thumbnail","hentry","category-gundem"],"_links":{"self":[{"href":"https:\/\/www.egemtv.com\/index.php?rest_route=\/wp\/v2\/posts\/32901","targetHints":{"allow":["GET"]}}],"collection":[{"href":"https:\/\/www.egemtv.com\/index.php?rest_route=\/wp\/v2\/posts"}],"about":[{"href":"https:\/\/www.egemtv.com\/index.php?rest_route=\/wp\/v2\/types\/post"}],"author":[{"embeddable":true,"href":"https:\/\/www.egemtv.com\/index.php?rest_route=\/wp\/v2\/users\/1"}],"replies":[{"embeddable":true,"href":"https:\/\/www.egemtv.com\/index.php?rest_route=%2Fwp%2Fv2%2Fcomments&post=32901"}],"version-history":[{"count":1,"href":"https:\/\/www.egemtv.com\/index.php?rest_route=\/wp\/v2\/posts\/32901\/revisions"}],"predecessor-version":[{"id":32903,"href":"https:\/\/www.egemtv.com\/index.php?rest_route=\/wp\/v2\/posts\/32901\/revisions\/32903"}],"wp:featuredmedia":[{"embeddable":true,"href":"https:\/\/www.egemtv.com\/index.php?rest_route=\/wp\/v2\/media\/32902"}],"wp:attachment":[{"href":"https:\/\/www.egemtv.com\/index.php?rest_route=%2Fwp%2Fv2%2Fmedia&parent=32901"}],"wp:term":[{"taxonomy":"category","embeddable":true,"href":"https:\/\/www.egemtv.com\/index.php?rest_route=%2Fwp%2Fv2%2Fcategories&post=32901"},{"taxonomy":"post_tag","embeddable":true,"href":"https:\/\/www.egemtv.com\/index.php?rest_route=%2Fwp%2Fv2%2Ftags&post=32901"}],"curies":[{"name":"wp","href":"https:\/\/api.w.org\/{rel}","templated":true}]}}