{"id":32898,"date":"2025-06-04T07:54:42","date_gmt":"2025-06-04T04:54:42","guid":{"rendered":"https:\/\/www.egemtv.com\/?p=32898"},"modified":"2025-06-04T07:54:47","modified_gmt":"2025-06-04T04:54:47","slug":"sarigolde-ilk-kez-siirle-bulusma-etkinligi-duzenlendi","status":"publish","type":"post","link":"https:\/\/www.egemtv.com\/?p=32898","title":{"rendered":"Sar\u0131g\u00f6l\u2019de ilk kez &#8220;\u015eiirle bulu\u015fma&#8221; etkinli\u011fi d\u00fczenlendi"},"content":{"rendered":"<p>Manisa\u2019n\u0131n Sar\u0131g\u00f6l il\u00e7esinde \u00f6\u011fretmenler taraf\u0131ndan ilk kez d\u00fczenlenen &#8220;\u015eiirle Bulu\u015fma&#8221; etkinli\u011fi, kat\u0131l\u0131mc\u0131lar\u0131n b\u00fcy\u00fck be\u011fenisini kazand\u0131.<br \/>\n<br \/>Sar\u0131g\u00f6l Mesleki ve Teknik Anadolu Lisesi \u00f6\u011fretmenleri taraf\u0131ndan organize edilen etkinlikte, \u00fcnl\u00fc \u015fairlerin \u015fiirleri \u00f6\u011fretmenler taraf\u0131ndan seslendirildi. Duygu dolu anlar\u0131n ya\u015fand\u0131\u011f\u0131 programda, i\u00e7tenlikle okunan birbirinden g\u00fczel \u015fiirler dinleyiciler \u00fczerinde derin bir etki b\u0131rakt\u0131.<br \/>\n<br \/>Sar\u0131g\u00f6l Atat\u00fcrk K\u00fclt\u00fcr Merkezi salonunda ger\u00e7ekle\u015ftirilen etkinli\u011fi, \u015fiirsever \u00f6\u011fretmenler, \u00f6\u011frenciler ve vatanda\u015flar ilgiyle takip etti.<br \/>\n<br \/>Programa kat\u0131lan Sar\u0131g\u00f6l \u0130l\u00e7e Milli E\u011fitim M\u00fcd\u00fcr\u00fc Cezmi Y\u0131ld\u0131rak, etkinli\u011fe dair yapt\u0131\u011f\u0131 a\u00e7\u0131klamada, &#8220;\u0130l\u00e7emizde ilk kez Mesleki ve Teknik Anadolu Lisesi \u00f6\u011fretmenlerimiz taraf\u0131ndan b\u00f6yle bir \u015fiir etkinli\u011fi d\u00fczenlendi. Olduk\u00e7a ba\u015far\u0131l\u0131 bir organizasyon oldu. Bizlere \u00fcnl\u00fc \u015fairlerimizin \u015fiirlerini g\u00fczel bir \u015fekilde aktard\u0131klar\u0131 i\u00e7in kat\u0131l\u0131mc\u0131 \u00f6\u011fretmenlerimize ve \u00f6\u011frencilerimize te\u015fekk\u00fcr ediyorum.&#8221; dedi.<br \/><\/p>\n","protected":false},"excerpt":{"rendered":"<p>Manisa\u2019n\u0131n Sar\u0131g\u00f6l il\u00e7esinde \u00f6\u011fretmenler taraf\u0131ndan ilk kez d\u00fczenlenen &#8220;\u015eiirle Bulu\u015fma&#8221; etkinli\u011fi, kat\u0131l\u0131mc\u0131lar\u0131n b\u00fcy\u00fck be\u011fenisini kazand\u0131. Sar\u0131g\u00f6l Mesleki ve Teknik Anadolu Lisesi \u00f6\u011fretmenleri taraf\u0131ndan organize edilen etkinlikte, \u00fcnl\u00fc \u015fairlerin \u015fiirleri \u00f6\u011fretmenler taraf\u0131ndan seslendirildi. Duygu dolu anlar\u0131n ya\u015fand\u0131\u011f\u0131 programda, i\u00e7tenlikle okunan birbirinden g\u00fczel \u015fiirler dinleyiciler \u00fczerinde derin bir etki b\u0131rakt\u0131. Sar\u0131g\u00f6l Atat\u00fcrk K\u00fclt\u00fcr Merkezi salonunda ger\u00e7ekle\u015ftirilen etkinli\u011fi,&#8230;<\/p>\n","protected":false},"author":1,"featured_media":32899,"comment_status":"open","ping_status":"open","sticky":false,"template":"","format":"standard","meta":{"_crdt_document":"","footnotes":""},"categories":[1],"tags":[],"class_list":["post-32898","post","type-post","status-publish","format-standard","has-post-thumbnail","hentry","category-guncel"],"_links":{"self":[{"href":"https:\/\/www.egemtv.com\/index.php?rest_route=\/wp\/v2\/posts\/32898","targetHints":{"allow":["GET"]}}],"collection":[{"href":"https:\/\/www.egemtv.com\/index.php?rest_route=\/wp\/v2\/posts"}],"about":[{"href":"https:\/\/www.egemtv.com\/index.php?rest_route=\/wp\/v2\/types\/post"}],"author":[{"embeddable":true,"href":"https:\/\/www.egemtv.com\/index.php?rest_route=\/wp\/v2\/users\/1"}],"replies":[{"embeddable":true,"href":"https:\/\/www.egemtv.com\/index.php?rest_route=%2Fwp%2Fv2%2Fcomments&post=32898"}],"version-history":[{"count":1,"href":"https:\/\/www.egemtv.com\/index.php?rest_route=\/wp\/v2\/posts\/32898\/revisions"}],"predecessor-version":[{"id":32900,"href":"https:\/\/www.egemtv.com\/index.php?rest_route=\/wp\/v2\/posts\/32898\/revisions\/32900"}],"wp:featuredmedia":[{"embeddable":true,"href":"https:\/\/www.egemtv.com\/index.php?rest_route=\/wp\/v2\/media\/32899"}],"wp:attachment":[{"href":"https:\/\/www.egemtv.com\/index.php?rest_route=%2Fwp%2Fv2%2Fmedia&parent=32898"}],"wp:term":[{"taxonomy":"category","embeddable":true,"href":"https:\/\/www.egemtv.com\/index.php?rest_route=%2Fwp%2Fv2%2Fcategories&post=32898"},{"taxonomy":"post_tag","embeddable":true,"href":"https:\/\/www.egemtv.com\/index.php?rest_route=%2Fwp%2Fv2%2Ftags&post=32898"}],"curies":[{"name":"wp","href":"https:\/\/api.w.org\/{rel}","templated":true}]}}