{"id":32895,"date":"2025-06-04T02:14:41","date_gmt":"2025-06-03T23:14:41","guid":{"rendered":"https:\/\/www.egemtv.com\/?p=32895"},"modified":"2025-06-04T02:14:45","modified_gmt":"2025-06-03T23:14:45","slug":"aydinda-feci-kaza-iki-otomobil-carpisti-2-olu-3-yarali","status":"publish","type":"post","link":"https:\/\/www.egemtv.com\/?p=32895","title":{"rendered":"Ayd\u0131n\u2019da feci kaza&#8230; \u0130ki otomobil \u00e7arp\u0131\u015ft\u0131: 2 \u00f6l\u00fc, 3 yaral\u0131"},"content":{"rendered":"<p>Ayd\u0131n\u2019\u0131n Efeler il\u00e7esinde iki otomobilin \u00e7arp\u0131\u015fmas\u0131yla meydana gelen trafik kazas\u0131nda 2 ki\u015fi \u00f6ld\u00fc, 3 ki\u015fi de yaraland\u0131.<br \/>\n<br \/>Kaza, gece saatlerinde Ayd\u0131n-Mu\u011fla karayolu \u00fczerinde \u00c7iftlikk\u00f6y Mahallesi giri\u015finde meydana geldi. Edinilen bilgiye g\u00f6re, \u00c7ine il\u00e7esinden Efeler istikametine seyir halinde olan K\u00f6ksal T.A. idaresindeki 41 AIM 616 plakal\u0131 otomobil, \u00c7iftlikk\u00f6y\u2019den karayoluna \u00e7\u0131kan Mustafa Sat\u0131c\u0131 idaresindeki 09 EG 282 plakal\u0131 otomobile \u00e7arpt\u0131. \u00c7arpman\u0131n \u015fiddeti ile her iki ara\u00e7 savruldu. \u0130hbar \u00fczerine olay yerine jandarma, itfaiye ve sa\u011fl\u0131k ekipleri sevk edildi. Kazada s\u00fcr\u00fcc\u00fc Mustafa Sat\u0131c\u0131 olay yerinde hayat\u0131n\u0131 kaybetti. Ayn\u0131 ara\u00e7ta yolcu konumunda bulunan Mahmut Bengi ise kald\u0131r\u0131ld\u0131\u011f\u0131 hastanede doktorlar\u0131n t\u00fcm m\u00fcdahalelerine ra\u011fmen ya\u015fam\u0131n\u0131 yitirdi.<br \/>\n<br \/>Di\u011fer ara\u00e7ta yolcu konumunda bulunan Kamil A., Hatice A. ve Burak A. yaraland\u0131. Yaral\u0131lar, olay yerinde yap\u0131lan ilk m\u00fcdahalenin ard\u0131ndan hastaneye kald\u0131r\u0131ld\u0131. S\u00fcr\u00fcc\u00fc K\u00f6ksal T.A. ise jandarma taraf\u0131ndan g\u00f6zalt\u0131na al\u0131nd\u0131. 3 ki\u015finin yaraland\u0131\u011f\u0131 ve 2 ki\u015finin hayat\u0131n\u0131 kaybetti\u011fi kaza ile ilgili jandarma ekipleri soru\u015fturma ba\u015flatt\u0131.<br \/><\/p>\n","protected":false},"excerpt":{"rendered":"<p>Ayd\u0131n\u2019\u0131n Efeler il\u00e7esinde iki otomobilin \u00e7arp\u0131\u015fmas\u0131yla meydana gelen trafik kazas\u0131nda 2 ki\u015fi \u00f6ld\u00fc, 3 ki\u015fi de yaraland\u0131. Kaza, gece saatlerinde Ayd\u0131n-Mu\u011fla karayolu \u00fczerinde \u00c7iftlikk\u00f6y Mahallesi giri\u015finde meydana geldi. Edinilen bilgiye g\u00f6re, \u00c7ine il\u00e7esinden Efeler istikametine seyir halinde olan K\u00f6ksal T.A. idaresindeki 41 AIM 616 plakal\u0131 otomobil, \u00c7iftlikk\u00f6y\u2019den karayoluna \u00e7\u0131kan Mustafa Sat\u0131c\u0131 idaresindeki 09 EG 282&#8230;<\/p>\n","protected":false},"author":1,"featured_media":32896,"comment_status":"open","ping_status":"open","sticky":false,"template":"","format":"standard","meta":{"_crdt_document":"","footnotes":""},"categories":[5],"tags":[],"class_list":["post-32895","post","type-post","status-publish","format-standard","has-post-thumbnail","hentry","category-asayis"],"_links":{"self":[{"href":"https:\/\/www.egemtv.com\/index.php?rest_route=\/wp\/v2\/posts\/32895","targetHints":{"allow":["GET"]}}],"collection":[{"href":"https:\/\/www.egemtv.com\/index.php?rest_route=\/wp\/v2\/posts"}],"about":[{"href":"https:\/\/www.egemtv.com\/index.php?rest_route=\/wp\/v2\/types\/post"}],"author":[{"embeddable":true,"href":"https:\/\/www.egemtv.com\/index.php?rest_route=\/wp\/v2\/users\/1"}],"replies":[{"embeddable":true,"href":"https:\/\/www.egemtv.com\/index.php?rest_route=%2Fwp%2Fv2%2Fcomments&post=32895"}],"version-history":[{"count":1,"href":"https:\/\/www.egemtv.com\/index.php?rest_route=\/wp\/v2\/posts\/32895\/revisions"}],"predecessor-version":[{"id":32897,"href":"https:\/\/www.egemtv.com\/index.php?rest_route=\/wp\/v2\/posts\/32895\/revisions\/32897"}],"wp:featuredmedia":[{"embeddable":true,"href":"https:\/\/www.egemtv.com\/index.php?rest_route=\/wp\/v2\/media\/32896"}],"wp:attachment":[{"href":"https:\/\/www.egemtv.com\/index.php?rest_route=%2Fwp%2Fv2%2Fmedia&parent=32895"}],"wp:term":[{"taxonomy":"category","embeddable":true,"href":"https:\/\/www.egemtv.com\/index.php?rest_route=%2Fwp%2Fv2%2Fcategories&post=32895"},{"taxonomy":"post_tag","embeddable":true,"href":"https:\/\/www.egemtv.com\/index.php?rest_route=%2Fwp%2Fv2%2Ftags&post=32895"}],"curies":[{"name":"wp","href":"https:\/\/api.w.org\/{rel}","templated":true}]}}