{"id":32892,"date":"2025-06-03T22:14:42","date_gmt":"2025-06-03T19:14:42","guid":{"rendered":"https:\/\/www.egemtv.com\/?p=32892"},"modified":"2025-06-03T22:14:46","modified_gmt":"2025-06-03T19:14:46","slug":"deprem-ani-sakin-kentte-guvenlik-kameralarina-yansidi","status":"publish","type":"post","link":"https:\/\/www.egemtv.com\/?p=32892","title":{"rendered":"Deprem an\u0131 \u2018Sakin Kent\u2019te g\u00fcvenlik kameralar\u0131na yans\u0131d\u0131"},"content":{"rendered":"<p>Mu\u011fla\u2019n\u0131n Marmaris il\u00e7esinde meydana gelen 5.8 b\u00fcy\u00fckl\u00fc\u011f\u00fcndeki deprem, \u00e7evre il ve il\u00e7elerde de pani\u011fe neden oldu.<br \/>\n<br \/>Sars\u0131nt\u0131, \u00f6zellikle kentin turistik b\u00f6lgelerinden biri olan \u2018Sakin Kent\u2019 unvanl\u0131 Ula il\u00e7esine ba\u011fl\u0131 Akyaka Mahallesi\u2019nde de g\u00fc\u00e7l\u00fc \u015fekilde hissedildi.  eprem an\u0131, Akyaka Kad\u0131n azma\u011f\u0131nda faaliyet g\u00f6steren Akyaka Azmaktur ve Yolcu Ta\u015f\u0131y\u0131c\u0131lar Kooperatifi\u2019nin g\u00fcvenlik kameras\u0131na yans\u0131d\u0131. K\u0131sa s\u00fcreli pani\u011fe neden olan deprem sonras\u0131 Akyaka Mahallesinde can ya da mal kayb\u0131 ya\u015fanmad\u0131\u011f\u0131 \u00f6\u011frenildi.<br \/><\/p>\n","protected":false},"excerpt":{"rendered":"<p>Mu\u011fla\u2019n\u0131n Marmaris il\u00e7esinde meydana gelen 5.8 b\u00fcy\u00fckl\u00fc\u011f\u00fcndeki deprem, \u00e7evre il ve il\u00e7elerde de pani\u011fe neden oldu. Sars\u0131nt\u0131, \u00f6zellikle kentin turistik b\u00f6lgelerinden biri olan \u2018Sakin Kent\u2019 unvanl\u0131 Ula il\u00e7esine ba\u011fl\u0131 Akyaka Mahallesi\u2019nde de g\u00fc\u00e7l\u00fc \u015fekilde hissedildi. eprem an\u0131, Akyaka Kad\u0131n azma\u011f\u0131nda faaliyet g\u00f6steren Akyaka Azmaktur ve Yolcu Ta\u015f\u0131y\u0131c\u0131lar Kooperatifi\u2019nin g\u00fcvenlik kameras\u0131na yans\u0131d\u0131. K\u0131sa s\u00fcreli pani\u011fe neden&#8230;<\/p>\n","protected":false},"author":1,"featured_media":32893,"comment_status":"open","ping_status":"open","sticky":false,"template":"","format":"standard","meta":{"_crdt_document":"","footnotes":""},"categories":[5],"tags":[],"class_list":["post-32892","post","type-post","status-publish","format-standard","has-post-thumbnail","hentry","category-asayis"],"_links":{"self":[{"href":"https:\/\/www.egemtv.com\/index.php?rest_route=\/wp\/v2\/posts\/32892","targetHints":{"allow":["GET"]}}],"collection":[{"href":"https:\/\/www.egemtv.com\/index.php?rest_route=\/wp\/v2\/posts"}],"about":[{"href":"https:\/\/www.egemtv.com\/index.php?rest_route=\/wp\/v2\/types\/post"}],"author":[{"embeddable":true,"href":"https:\/\/www.egemtv.com\/index.php?rest_route=\/wp\/v2\/users\/1"}],"replies":[{"embeddable":true,"href":"https:\/\/www.egemtv.com\/index.php?rest_route=%2Fwp%2Fv2%2Fcomments&post=32892"}],"version-history":[{"count":1,"href":"https:\/\/www.egemtv.com\/index.php?rest_route=\/wp\/v2\/posts\/32892\/revisions"}],"predecessor-version":[{"id":32894,"href":"https:\/\/www.egemtv.com\/index.php?rest_route=\/wp\/v2\/posts\/32892\/revisions\/32894"}],"wp:featuredmedia":[{"embeddable":true,"href":"https:\/\/www.egemtv.com\/index.php?rest_route=\/wp\/v2\/media\/32893"}],"wp:attachment":[{"href":"https:\/\/www.egemtv.com\/index.php?rest_route=%2Fwp%2Fv2%2Fmedia&parent=32892"}],"wp:term":[{"taxonomy":"category","embeddable":true,"href":"https:\/\/www.egemtv.com\/index.php?rest_route=%2Fwp%2Fv2%2Fcategories&post=32892"},{"taxonomy":"post_tag","embeddable":true,"href":"https:\/\/www.egemtv.com\/index.php?rest_route=%2Fwp%2Fv2%2Ftags&post=32892"}],"curies":[{"name":"wp","href":"https:\/\/api.w.org\/{rel}","templated":true}]}}