{"id":32889,"date":"2025-06-03T20:54:50","date_gmt":"2025-06-03T17:54:50","guid":{"rendered":"https:\/\/www.egemtv.com\/?p=32889"},"modified":"2025-06-03T20:54:54","modified_gmt":"2025-06-03T17:54:54","slug":"ozel-teknede-rahatsizlanan-cocuk-icin-tibbi-tahliye","status":"publish","type":"post","link":"https:\/\/www.egemtv.com\/?p=32889","title":{"rendered":"\u00d6zel teknede rahats\u0131zlanan \u00e7ocuk i\u00e7in t\u0131bbi tahliye"},"content":{"rendered":"<p>Mu\u011fla\u2019n\u0131n Marmaris il\u00e7esi a\u00e7\u0131klar\u0131nda seyreden \u00f6zel teknede rahats\u0131zlanan \u00e7ocuk, Sahil G\u00fcvenlik ekiplerince t\u0131bbi tahliyesi ger\u00e7ekle\u015ftirildi.<br \/>\n<br \/>Marmaris a\u00e7\u0131klar\u0131nda seyreden \u00f6zel teknede bulunan \u00e7ocu\u011fun rahats\u0131zlanmas\u0131 \u00fczerine yard\u0131m \u00e7a\u011fr\u0131s\u0131 yap\u0131ld\u0131. Yap\u0131lan yard\u0131m \u00e7a\u011fr\u0131s\u0131 \u00fczerine Sahil G\u00fcvenlik ekipleri taraf\u0131ndan denizden tahliyesi yap\u0131lan \u00e7ocuk 112 ambulans ekiplerine teslim edildi.<br \/><\/p>\n","protected":false},"excerpt":{"rendered":"<p>Mu\u011fla\u2019n\u0131n Marmaris il\u00e7esi a\u00e7\u0131klar\u0131nda seyreden \u00f6zel teknede rahats\u0131zlanan \u00e7ocuk, Sahil G\u00fcvenlik ekiplerince t\u0131bbi tahliyesi ger\u00e7ekle\u015ftirildi. Marmaris a\u00e7\u0131klar\u0131nda seyreden \u00f6zel teknede bulunan \u00e7ocu\u011fun rahats\u0131zlanmas\u0131 \u00fczerine yard\u0131m \u00e7a\u011fr\u0131s\u0131 yap\u0131ld\u0131. Yap\u0131lan yard\u0131m \u00e7a\u011fr\u0131s\u0131 \u00fczerine Sahil G\u00fcvenlik ekipleri taraf\u0131ndan denizden tahliyesi yap\u0131lan \u00e7ocuk 112 ambulans ekiplerine teslim edildi.<\/p>\n","protected":false},"author":1,"featured_media":32890,"comment_status":"open","ping_status":"open","sticky":false,"template":"","format":"standard","meta":{"_crdt_document":"","footnotes":""},"categories":[2],"tags":[],"class_list":["post-32889","post","type-post","status-publish","format-standard","has-post-thumbnail","hentry","category-saglik"],"_links":{"self":[{"href":"https:\/\/www.egemtv.com\/index.php?rest_route=\/wp\/v2\/posts\/32889","targetHints":{"allow":["GET"]}}],"collection":[{"href":"https:\/\/www.egemtv.com\/index.php?rest_route=\/wp\/v2\/posts"}],"about":[{"href":"https:\/\/www.egemtv.com\/index.php?rest_route=\/wp\/v2\/types\/post"}],"author":[{"embeddable":true,"href":"https:\/\/www.egemtv.com\/index.php?rest_route=\/wp\/v2\/users\/1"}],"replies":[{"embeddable":true,"href":"https:\/\/www.egemtv.com\/index.php?rest_route=%2Fwp%2Fv2%2Fcomments&post=32889"}],"version-history":[{"count":1,"href":"https:\/\/www.egemtv.com\/index.php?rest_route=\/wp\/v2\/posts\/32889\/revisions"}],"predecessor-version":[{"id":32891,"href":"https:\/\/www.egemtv.com\/index.php?rest_route=\/wp\/v2\/posts\/32889\/revisions\/32891"}],"wp:featuredmedia":[{"embeddable":true,"href":"https:\/\/www.egemtv.com\/index.php?rest_route=\/wp\/v2\/media\/32890"}],"wp:attachment":[{"href":"https:\/\/www.egemtv.com\/index.php?rest_route=%2Fwp%2Fv2%2Fmedia&parent=32889"}],"wp:term":[{"taxonomy":"category","embeddable":true,"href":"https:\/\/www.egemtv.com\/index.php?rest_route=%2Fwp%2Fv2%2Fcategories&post=32889"},{"taxonomy":"post_tag","embeddable":true,"href":"https:\/\/www.egemtv.com\/index.php?rest_route=%2Fwp%2Fv2%2Ftags&post=32889"}],"curies":[{"name":"wp","href":"https:\/\/api.w.org\/{rel}","templated":true}]}}