{"id":32886,"date":"2025-06-03T20:54:46","date_gmt":"2025-06-03T17:54:46","guid":{"rendered":"https:\/\/www.egemtv.com\/?p=32886"},"modified":"2025-06-03T20:54:50","modified_gmt":"2025-06-03T17:54:50","slug":"can-dostlar-icin-el-ele-mentesede-bakimevi-icin-bagis-hesabi-acildi","status":"publish","type":"post","link":"https:\/\/www.egemtv.com\/?p=32886","title":{"rendered":"Can Dostlar \u0130\u00e7in El Ele: Mente\u015fe\u2019de Bak\u0131mevi i\u00e7in ba\u011f\u0131\u015f hesab\u0131 a\u00e7\u0131ld\u0131"},"content":{"rendered":"<p>Mente\u015fe Belediyesi, 2028 y\u0131l\u0131 sonuna kadar hayata ge\u00e7irilmesi yasal zorunluluk haline gelen hayvan bak\u0131mevi i\u00e7in \u00e7al\u0131\u015fmalar\u0131n\u0131 s\u00fcrd\u00fcr\u00fcyor. Haziran ay\u0131 meclis toplant\u0131s\u0131nda g\u00f6r\u00fc\u015f\u00fclen g\u00fcndem maddesi kapsam\u0131nda, belediyenin hayvan bak\u0131mevi, rehabilitasyon ve sahiplendirme \u00e7al\u0131\u015fmalar\u0131nda kullan\u0131lmak \u00fczere bir ba\u011f\u0131\u015f hesab\u0131 a\u00e7\u0131ld\u0131.<br \/>\n<br \/>Belediye Meclisinde oy birli\u011fi ile al\u0131nan karar sonucunda Mente\u015fe Belediye Ba\u015fkan\u0131 Gonca K\u00f6ksal Aras\u2019a, bak\u0131mevinin yap\u0131m\u0131 i\u00e7in ba\u011f\u0131\u015flar\u0131n kabul\u00fc ve hesap y\u00f6netimi konusunda yetki verildi.<br \/>\n<br \/>Ba\u015fkan K\u00f6ksal Aras, &#8220;Ak\u00e7ova\u2019daki B\u00fcy\u00fck\u015fehir Hayvan Bar\u0131na\u011f\u0131\u2019n\u0131n bulundu\u011fu, ormanl\u0131k ve altyap\u0131s\u0131 haz\u0131r b\u00f6lgedeki bir alan\u0131n tahsisini Milli Parklar M\u00fcd\u00fcrl\u00fc\u011f\u00fcnden talep ettik. Talebimiz olumlu kar\u015f\u0131land\u0131&#8221; dedi.<br \/>\n<br \/>&#8220;Can dostlar\u0131m\u0131z i\u00e7in g\u00fcvenli bir alan olu\u015fturmak istiyoruz&#8221;<br \/>\n<br \/>Bak\u0131mevi projesinin, belediyelerin b\u00fct\u00e7eleriyle tek ba\u015f\u0131na y\u00fcr\u00fct\u00fclmesinin m\u00fcmk\u00fcn olmad\u0131\u011f\u0131n\u0131 vurgulayan Aras, ba\u011f\u0131\u015f hesab\u0131n\u0131n \u00f6nemine dikkat \u00e7ekerek \u015funlar\u0131 s\u00f6yledi:<br \/>\n<br \/>&#8220;Yasal zorunluluk nedeniyle b\u00fct\u00e7emizin binde 5\u2019ini bu konuya ay\u0131r\u0131yoruz. B\u00fct\u00e7emiz personel ve ta\u015f\u0131ma giderlerine ancak yetiyor. Hayat\u0131m\u0131z\u0131 payla\u015ft\u0131\u011f\u0131m\u0131z can dostlar\u0131m\u0131z i\u00e7in sa\u011fl\u0131kl\u0131, g\u00fcvenli, do\u011fru tedavilerin uygulanabilece\u011fi bir alan olu\u015fturmak istiyoruz. Bu ba\u011f\u0131\u015f hesab\u0131 bu y\u00fczden \u00f6nemli. Bize destek olmak isteyen \u00e7ok say\u0131da vatanda\u015f\u0131m\u0131z oldu\u011funu d\u00fc\u015f\u00fcn\u00fcyoruz&#8221;<br \/>\n<br \/>Belediye taraf\u0131ndan a\u00e7\u0131lan TR67 0001 0002 0168 0450 6650 47 numaral\u0131 T.C. Ziraat Bankas\u0131 Mu\u011fla \u015eubesi hesab\u0131 \u00fczerinden yap\u0131lacak ba\u011f\u0131\u015flarla, bak\u0131mevi kurularak i\u015fletilecek. Hesapta birikecek kaynak, yaln\u0131zca hayvan sa\u011fl\u0131\u011f\u0131, rehabilitasyon ve bar\u0131nma faaliyetleri i\u00e7in kullan\u0131lacak.<br \/><\/p>\n","protected":false},"excerpt":{"rendered":"<p>Mente\u015fe Belediyesi, 2028 y\u0131l\u0131 sonuna kadar hayata ge\u00e7irilmesi yasal zorunluluk haline gelen hayvan bak\u0131mevi i\u00e7in \u00e7al\u0131\u015fmalar\u0131n\u0131 s\u00fcrd\u00fcr\u00fcyor. Haziran ay\u0131 meclis toplant\u0131s\u0131nda g\u00f6r\u00fc\u015f\u00fclen g\u00fcndem maddesi kapsam\u0131nda, belediyenin hayvan bak\u0131mevi, rehabilitasyon ve sahiplendirme \u00e7al\u0131\u015fmalar\u0131nda kullan\u0131lmak \u00fczere bir ba\u011f\u0131\u015f hesab\u0131 a\u00e7\u0131ld\u0131. Belediye Meclisinde oy birli\u011fi ile al\u0131nan karar sonucunda Mente\u015fe Belediye Ba\u015fkan\u0131 Gonca K\u00f6ksal Aras\u2019a, bak\u0131mevinin yap\u0131m\u0131 i\u00e7in&#8230;<\/p>\n","protected":false},"author":1,"featured_media":32887,"comment_status":"open","ping_status":"open","sticky":false,"template":"","format":"standard","meta":{"_crdt_document":"","footnotes":""},"categories":[1],"tags":[],"class_list":["post-32886","post","type-post","status-publish","format-standard","has-post-thumbnail","hentry","category-guncel"],"_links":{"self":[{"href":"https:\/\/www.egemtv.com\/index.php?rest_route=\/wp\/v2\/posts\/32886","targetHints":{"allow":["GET"]}}],"collection":[{"href":"https:\/\/www.egemtv.com\/index.php?rest_route=\/wp\/v2\/posts"}],"about":[{"href":"https:\/\/www.egemtv.com\/index.php?rest_route=\/wp\/v2\/types\/post"}],"author":[{"embeddable":true,"href":"https:\/\/www.egemtv.com\/index.php?rest_route=\/wp\/v2\/users\/1"}],"replies":[{"embeddable":true,"href":"https:\/\/www.egemtv.com\/index.php?rest_route=%2Fwp%2Fv2%2Fcomments&post=32886"}],"version-history":[{"count":1,"href":"https:\/\/www.egemtv.com\/index.php?rest_route=\/wp\/v2\/posts\/32886\/revisions"}],"predecessor-version":[{"id":32888,"href":"https:\/\/www.egemtv.com\/index.php?rest_route=\/wp\/v2\/posts\/32886\/revisions\/32888"}],"wp:featuredmedia":[{"embeddable":true,"href":"https:\/\/www.egemtv.com\/index.php?rest_route=\/wp\/v2\/media\/32887"}],"wp:attachment":[{"href":"https:\/\/www.egemtv.com\/index.php?rest_route=%2Fwp%2Fv2%2Fmedia&parent=32886"}],"wp:term":[{"taxonomy":"category","embeddable":true,"href":"https:\/\/www.egemtv.com\/index.php?rest_route=%2Fwp%2Fv2%2Fcategories&post=32886"},{"taxonomy":"post_tag","embeddable":true,"href":"https:\/\/www.egemtv.com\/index.php?rest_route=%2Fwp%2Fv2%2Ftags&post=32886"}],"curies":[{"name":"wp","href":"https:\/\/api.w.org\/{rel}","templated":true}]}}