{"id":32868,"date":"2025-06-03T19:15:52","date_gmt":"2025-06-03T16:15:52","guid":{"rendered":"https:\/\/www.egemtv.com\/?p=32868"},"modified":"2025-06-03T19:15:59","modified_gmt":"2025-06-03T16:15:59","slug":"bodrum-aciklarinda-arizalanan-tekneyi-kiyem-ekipleri-kurtardi-2","status":"publish","type":"post","link":"https:\/\/www.egemtv.com\/?p=32868","title":{"rendered":"Bodrum a\u00e7\u0131klar\u0131nda ar\u0131zalanan tekneyi KIYEM ekipleri kurtard\u0131"},"content":{"rendered":"<p>Mu\u011fla\u2019n\u0131n Bodrum il\u00e7esi Akyarlar \u00f6nlerinde makine ar\u0131zas\u0131 nedeniyle s\u00fcr\u00fcklenen tekne K\u0131y\u0131 Emniyet Genel M\u00fcd\u00fcrl\u00fc\u011f\u00fc ekipleri taraf\u0131ndan kurtar\u0131ld\u0131.<br \/>\n<br \/>Bodrum Akyarlar \u00f6nlerinde makine ar\u0131zas\u0131 nedeniyle s\u00fcr\u00fcklenen ve i\u00e7erisinde 2 ki\u015fi bulunan 16 metre boyundaki tekne, KIYEM-6 h\u0131zl\u0131 tahlisiye (can kurtarma) botumuzca yedeklenerek Turgutreis\u2019teki \u00f6zel marinaya emniyetle yana\u015ft\u0131r\u0131ld\u0131.<br \/><\/p>\n","protected":false},"excerpt":{"rendered":"<p>Mu\u011fla\u2019n\u0131n Bodrum il\u00e7esi Akyarlar \u00f6nlerinde makine ar\u0131zas\u0131 nedeniyle s\u00fcr\u00fcklenen tekne K\u0131y\u0131 Emniyet Genel M\u00fcd\u00fcrl\u00fc\u011f\u00fc ekipleri taraf\u0131ndan kurtar\u0131ld\u0131. Bodrum Akyarlar \u00f6nlerinde makine ar\u0131zas\u0131 nedeniyle s\u00fcr\u00fcklenen ve i\u00e7erisinde 2 ki\u015fi bulunan 16 metre boyundaki tekne, KIYEM-6 h\u0131zl\u0131 tahlisiye (can kurtarma) botumuzca yedeklenerek Turgutreis\u2019teki \u00f6zel marinaya emniyetle yana\u015ft\u0131r\u0131ld\u0131.<\/p>\n","protected":false},"author":1,"featured_media":32869,"comment_status":"open","ping_status":"open","sticky":false,"template":"","format":"standard","meta":{"_crdt_document":"","footnotes":""},"categories":[5],"tags":[],"class_list":["post-32868","post","type-post","status-publish","format-standard","has-post-thumbnail","hentry","category-asayis"],"_links":{"self":[{"href":"https:\/\/www.egemtv.com\/index.php?rest_route=\/wp\/v2\/posts\/32868","targetHints":{"allow":["GET"]}}],"collection":[{"href":"https:\/\/www.egemtv.com\/index.php?rest_route=\/wp\/v2\/posts"}],"about":[{"href":"https:\/\/www.egemtv.com\/index.php?rest_route=\/wp\/v2\/types\/post"}],"author":[{"embeddable":true,"href":"https:\/\/www.egemtv.com\/index.php?rest_route=\/wp\/v2\/users\/1"}],"replies":[{"embeddable":true,"href":"https:\/\/www.egemtv.com\/index.php?rest_route=%2Fwp%2Fv2%2Fcomments&post=32868"}],"version-history":[{"count":1,"href":"https:\/\/www.egemtv.com\/index.php?rest_route=\/wp\/v2\/posts\/32868\/revisions"}],"predecessor-version":[{"id":32870,"href":"https:\/\/www.egemtv.com\/index.php?rest_route=\/wp\/v2\/posts\/32868\/revisions\/32870"}],"wp:featuredmedia":[{"embeddable":true,"href":"https:\/\/www.egemtv.com\/index.php?rest_route=\/wp\/v2\/media\/32869"}],"wp:attachment":[{"href":"https:\/\/www.egemtv.com\/index.php?rest_route=%2Fwp%2Fv2%2Fmedia&parent=32868"}],"wp:term":[{"taxonomy":"category","embeddable":true,"href":"https:\/\/www.egemtv.com\/index.php?rest_route=%2Fwp%2Fv2%2Fcategories&post=32868"},{"taxonomy":"post_tag","embeddable":true,"href":"https:\/\/www.egemtv.com\/index.php?rest_route=%2Fwp%2Fv2%2Ftags&post=32868"}],"curies":[{"name":"wp","href":"https:\/\/api.w.org\/{rel}","templated":true}]}}