{"id":32865,"date":"2025-06-03T19:15:47","date_gmt":"2025-06-03T16:15:47","guid":{"rendered":"https:\/\/www.egemtv.com\/?p=32865"},"modified":"2025-06-03T19:15:52","modified_gmt":"2025-06-03T16:15:52","slug":"celtikcide-gazbeton-yuklu-kamyonet-sarampole-devrildi","status":"publish","type":"post","link":"https:\/\/www.egemtv.com\/?p=32865","title":{"rendered":"\u00c7eltik\u00e7i\u2019de gazbeton y\u00fckl\u00fc kamyonet \u015farampole devrildi"},"content":{"rendered":"<p>Burdur\u2019un \u00c7eltik\u00e7i il\u00e7esi A\u011flasun yolu \u00fczerinde gazbeton y\u00fckl\u00fc kamyonet, kontrolden \u00e7\u0131karak \u015farampole devrildi. Kazada yaralanan olmazken, ara\u00e7ta ve y\u00fckl\u00fc in\u015faat malzemelerinde maddi hasar olu\u015ftu.<br \/>\n<br \/>Kaza, \u00f6\u011fle saatlerinde Burdur\u2019un \u00c7eltik\u00e7i il\u00e7esi ile A\u011flasun il\u00e7esini ba\u011flayan karayolu \u00fczerinde bulunan bir kav\u015fakta meydana geldi. Edinilen bilgilere g\u00f6re, s\u00fcr\u00fcc\u00fcs\u00fc \u00f6\u011frenilemeyen 15 ACG 953 plakal\u0131 gazbeton y\u00fckl\u00fc kamyonet, kav\u015fakta d\u00f6n\u00fc\u015f yapt\u0131\u011f\u0131 s\u0131rada kontrolden \u00e7\u0131karak yol kenar\u0131ndaki \u015farampole devrildi. Kazan\u0131n etkisiyle kamyonette y\u00fckl\u00fc olan in\u015faat malzemeleri \u015farampole savruldu. \u00c7evredeki vatanda\u015flar\u0131n ihbar\u0131 \u00fczerine olay yerine jandarma ve itfaiye ekipleri sevk edildi. Kazada \u015fans eseri yaralanan olmazken, kamyonette ve ta\u015f\u0131nan malzemelerde maddi hasar meydana geldi. \u015earampole devrilen ara\u00e7, \u00e7ekici yard\u0131m\u0131yla bulundu\u011fu yerden \u00e7\u0131kar\u0131ld\u0131. Olayla ilgili inceleme ba\u015flat\u0131ld\u0131.<br \/><\/p>\n","protected":false},"excerpt":{"rendered":"<p>Burdur\u2019un \u00c7eltik\u00e7i il\u00e7esi A\u011flasun yolu \u00fczerinde gazbeton y\u00fckl\u00fc kamyonet, kontrolden \u00e7\u0131karak \u015farampole devrildi. Kazada yaralanan olmazken, ara\u00e7ta ve y\u00fckl\u00fc in\u015faat malzemelerinde maddi hasar olu\u015ftu. Kaza, \u00f6\u011fle saatlerinde Burdur\u2019un \u00c7eltik\u00e7i il\u00e7esi ile A\u011flasun il\u00e7esini ba\u011flayan karayolu \u00fczerinde bulunan bir kav\u015fakta meydana geldi. Edinilen bilgilere g\u00f6re, s\u00fcr\u00fcc\u00fcs\u00fc \u00f6\u011frenilemeyen 15 ACG 953 plakal\u0131 gazbeton y\u00fckl\u00fc kamyonet, kav\u015fakta d\u00f6n\u00fc\u015f&#8230;<\/p>\n","protected":false},"author":1,"featured_media":32866,"comment_status":"open","ping_status":"open","sticky":false,"template":"","format":"standard","meta":{"_crdt_document":"","footnotes":""},"categories":[5],"tags":[],"class_list":["post-32865","post","type-post","status-publish","format-standard","has-post-thumbnail","hentry","category-asayis"],"_links":{"self":[{"href":"https:\/\/www.egemtv.com\/index.php?rest_route=\/wp\/v2\/posts\/32865","targetHints":{"allow":["GET"]}}],"collection":[{"href":"https:\/\/www.egemtv.com\/index.php?rest_route=\/wp\/v2\/posts"}],"about":[{"href":"https:\/\/www.egemtv.com\/index.php?rest_route=\/wp\/v2\/types\/post"}],"author":[{"embeddable":true,"href":"https:\/\/www.egemtv.com\/index.php?rest_route=\/wp\/v2\/users\/1"}],"replies":[{"embeddable":true,"href":"https:\/\/www.egemtv.com\/index.php?rest_route=%2Fwp%2Fv2%2Fcomments&post=32865"}],"version-history":[{"count":1,"href":"https:\/\/www.egemtv.com\/index.php?rest_route=\/wp\/v2\/posts\/32865\/revisions"}],"predecessor-version":[{"id":32867,"href":"https:\/\/www.egemtv.com\/index.php?rest_route=\/wp\/v2\/posts\/32865\/revisions\/32867"}],"wp:featuredmedia":[{"embeddable":true,"href":"https:\/\/www.egemtv.com\/index.php?rest_route=\/wp\/v2\/media\/32866"}],"wp:attachment":[{"href":"https:\/\/www.egemtv.com\/index.php?rest_route=%2Fwp%2Fv2%2Fmedia&parent=32865"}],"wp:term":[{"taxonomy":"category","embeddable":true,"href":"https:\/\/www.egemtv.com\/index.php?rest_route=%2Fwp%2Fv2%2Fcategories&post=32865"},{"taxonomy":"post_tag","embeddable":true,"href":"https:\/\/www.egemtv.com\/index.php?rest_route=%2Fwp%2Fv2%2Ftags&post=32865"}],"curies":[{"name":"wp","href":"https:\/\/api.w.org\/{rel}","templated":true}]}}