{"id":32862,"date":"2025-06-03T19:15:43","date_gmt":"2025-06-03T16:15:43","guid":{"rendered":"https:\/\/www.egemtv.com\/?p=32862"},"modified":"2025-06-03T19:15:47","modified_gmt":"2025-06-03T16:15:47","slug":"seydikemer-genclik-evleri-kapilarini-genclere-acti","status":"publish","type":"post","link":"https:\/\/www.egemtv.com\/?p=32862","title":{"rendered":"Seydikemer Gen\u00e7lik Evleri kap\u0131lar\u0131n\u0131 gen\u00e7lere a\u00e7t\u0131"},"content":{"rendered":"<p>Devlet yurdu bulunmayan Seydikemer\u2019de, \u00fcniversite e\u011fitimi i\u00e7in il\u00e7eye gelen \u00f6\u011frencilerin bar\u0131nma ihtiyac\u0131na y\u00f6nelik \u00f6nemli bir ad\u0131m at\u0131ld\u0131. Mu\u011fla B\u00fcy\u00fck\u015fehir Belediyesi taraf\u0131ndan hayata ge\u00e7irilen Seydikemer Gen\u00e7lik Evi, modern yap\u0131s\u0131, konforlu ya\u015fam alanlar\u0131yla gen\u00e7lere g\u00fcvenli ve uygun \u015fartlarda bar\u0131nma imk\u00e2n\u0131 sunuyor.<br \/>\n<br \/>\u00d6\u011frencilere konforlu ve modern bar\u0131nma alanlar\u0131<br \/>\n<br \/>Seydikemer Cumhuriyet Mahallesi\u2019nde yer alan, k\u0131z ve erkek \u00f6\u011frenciler i\u00e7in iki ayr\u0131 bloktan olu\u015fan tesis 1+1 (iki ki\u015filik) ve 2+1 (\u00fc\u00e7 ki\u015filik) dairelerden olu\u015fuyor. Her dairede en az 15 metrekare ya\u015fam alan\u0131 sunulurken, \u00f6\u011frencilerin konforu i\u00e7in t\u00fcm detaylar titizlikle planland\u0131. Yayl\u0131 yatak, elbise dolab\u0131, \u00e7al\u0131\u015fma masas\u0131, yemek masas\u0131, mutfak gere\u00e7leri, f\u0131r\u0131n, ocak, davlumbaz, buzdolab\u0131, \u00e7ama\u015f\u0131r makinesi, klima, kesintisiz s\u0131cak su, y\u00fcksek h\u0131zl\u0131 internet ve merkezi uydu sistemi gibi donan\u0131mlara sahip olan \u00f6\u011frenci evinde 24 saat g\u00fcvenlik hizmeti ve kamera sistemi de bulunuyor.<br \/>\n<br \/>Fiziksel yap\u0131s\u0131yla \u00f6\u011frencilere konforlu bir ya\u015fam alan\u0131 sunan gen\u00e7lik evinde, mozaik, seramik, ya\u011fl\u0131 boya ve ebru gibi sanat dallar\u0131na y\u00f6nelik \u00e7al\u0131\u015fmalar\u0131n yap\u0131labilece\u011fi sosyal hizmet at\u00f6lyesi de \u00f6\u011frencilerin kullan\u0131m\u0131na sunulacak.<br \/>\n<br \/>K\u0131y\u0131 Ege Belediyeler Birli\u011fi ve Mu\u011fla B\u00fcy\u00fck\u015fehir Belediye Ba\u015fkan\u0131 Ahmet Aras, Seydikemer\u2019e kazand\u0131r\u0131lan gen\u00e7lik evi a\u00e7\u0131l\u0131\u015f\u0131nda yapt\u0131\u011f\u0131 konu\u015fmada, gen\u00e7lere y\u00f6nelik hizmetlerin artarak devam edece\u011fini vurgulad\u0131. Ba\u015fkan Aras, &#8220;Gen\u00e7lerimizin, \u00e7ocuklar\u0131m\u0131z\u0131n faydalanabilece\u011fi \u00e7a\u011fda\u015f, temiz, p\u0131r\u0131l p\u0131r\u0131l bir tesisli Seydikemer\u2019imize kazand\u0131rd\u0131k. Yerel y\u00f6netimler, belediyeler olarak vatanda\u015flar\u0131m\u0131z\u0131n hizmetine ko\u015faca\u011f\u0131z. Bu bizim g\u00f6revimiz. E\u011fer bu albayrak alt\u0131nda, \u00f6zg\u00fcr, ba\u011f\u0131ms\u0131z ya\u015f\u0131yorsak, vatan, millet, Atat\u00fcrk bizim i\u00e7in en \u00f6nemli k\u0131ymetse, de\u011ferse, o zaman bize bunun hakk\u0131n\u0131 vermek zorunday\u0131z. Bu bizim l\u00fctufla yapt\u0131\u011f\u0131m\u0131z bir i\u015f de\u011fildir. Bu bizim vatan, millet g\u00f6revimizdir. Bug\u00fcn mesela biz burada bunu a\u00e7arken, Bodrum\u2019da da bir yurt projesi vard\u0131. Onun da temelini Kredi Yurtlar Kurumumuz, yani Gen\u00e7lik ve Spor Bakanl\u0131\u011f\u0131m\u0131z att\u0131. Buradan kendilerine \u00e7ok te\u015fekk\u00fcr ediyorum. Bakanl\u0131\u011f\u0131m\u0131z oradan, bizler kendi imkanlar\u0131m\u0131z dahilinde buradan vatanda\u015flar\u0131m\u0131z\u0131n, gen\u00e7lerimizin, \u00e7ocuklar\u0131m\u0131z\u0131n ihtiya\u00e7lar\u0131n\u0131 kar\u015f\u0131layaca\u011f\u0131z. Bu bizim ayn\u0131 zamanda onlara b\u0131rakaca\u011f\u0131m\u0131z en b\u00fcy\u00fck mirast\u0131r. Burada her t\u00fcrl\u00fc konforlu d\u00fc\u015f\u00fcn\u00fcld\u00fc. \u0130nternetinden \u0131s\u0131tmas\u0131, so\u011futmas\u0131, suyu, \u00e7al\u0131\u015fma ortamlar\u0131, at\u00f6lyeleriyle, bah\u00e7esinde kamelyas\u0131na kadar her \u015fey d\u00fc\u015f\u00fcn\u00fcld\u00fc ki \u00e7ocuklar\u0131m\u0131z rahats\u0131z etsin. Hi\u00e7 kimseyi ay\u0131rmadan, kimseyi \u00f6tekile\u015ftirmeden yapaca\u011f\u0131m\u0131z hizmetleri sizlere ula\u015ft\u0131rmaya devam edece\u011fiz. Bu ilim-irfan yurdunun hepinize hay\u0131rl\u0131 u\u011furlu olmas\u0131n\u0131 temenni ediyorum. Seydikemer\u2019imize, Mu\u011fla\u2019m\u0131za hay\u0131rl\u0131 ve u\u011furlu olsun&#8221; dedi.<br \/><\/p>\n","protected":false},"excerpt":{"rendered":"<p>Devlet yurdu bulunmayan Seydikemer\u2019de, \u00fcniversite e\u011fitimi i\u00e7in il\u00e7eye gelen \u00f6\u011frencilerin bar\u0131nma ihtiyac\u0131na y\u00f6nelik \u00f6nemli bir ad\u0131m at\u0131ld\u0131. Mu\u011fla B\u00fcy\u00fck\u015fehir Belediyesi taraf\u0131ndan hayata ge\u00e7irilen Seydikemer Gen\u00e7lik Evi, modern yap\u0131s\u0131, konforlu ya\u015fam alanlar\u0131yla gen\u00e7lere g\u00fcvenli ve uygun \u015fartlarda bar\u0131nma imk\u00e2n\u0131 sunuyor. \u00d6\u011frencilere konforlu ve modern bar\u0131nma alanlar\u0131 Seydikemer Cumhuriyet Mahallesi\u2019nde yer alan, k\u0131z ve erkek \u00f6\u011frenciler i\u00e7in&#8230;<\/p>\n","protected":false},"author":1,"featured_media":32863,"comment_status":"open","ping_status":"open","sticky":false,"template":"","format":"standard","meta":{"_crdt_document":"","footnotes":""},"categories":[123],"tags":[],"class_list":["post-32862","post","type-post","status-publish","format-standard","has-post-thumbnail","hentry","category-gundem"],"_links":{"self":[{"href":"https:\/\/www.egemtv.com\/index.php?rest_route=\/wp\/v2\/posts\/32862","targetHints":{"allow":["GET"]}}],"collection":[{"href":"https:\/\/www.egemtv.com\/index.php?rest_route=\/wp\/v2\/posts"}],"about":[{"href":"https:\/\/www.egemtv.com\/index.php?rest_route=\/wp\/v2\/types\/post"}],"author":[{"embeddable":true,"href":"https:\/\/www.egemtv.com\/index.php?rest_route=\/wp\/v2\/users\/1"}],"replies":[{"embeddable":true,"href":"https:\/\/www.egemtv.com\/index.php?rest_route=%2Fwp%2Fv2%2Fcomments&post=32862"}],"version-history":[{"count":1,"href":"https:\/\/www.egemtv.com\/index.php?rest_route=\/wp\/v2\/posts\/32862\/revisions"}],"predecessor-version":[{"id":32864,"href":"https:\/\/www.egemtv.com\/index.php?rest_route=\/wp\/v2\/posts\/32862\/revisions\/32864"}],"wp:featuredmedia":[{"embeddable":true,"href":"https:\/\/www.egemtv.com\/index.php?rest_route=\/wp\/v2\/media\/32863"}],"wp:attachment":[{"href":"https:\/\/www.egemtv.com\/index.php?rest_route=%2Fwp%2Fv2%2Fmedia&parent=32862"}],"wp:term":[{"taxonomy":"category","embeddable":true,"href":"https:\/\/www.egemtv.com\/index.php?rest_route=%2Fwp%2Fv2%2Fcategories&post=32862"},{"taxonomy":"post_tag","embeddable":true,"href":"https:\/\/www.egemtv.com\/index.php?rest_route=%2Fwp%2Fv2%2Ftags&post=32862"}],"curies":[{"name":"wp","href":"https:\/\/api.w.org\/{rel}","templated":true}]}}