{"id":32859,"date":"2025-06-02T08:54:53","date_gmt":"2025-06-02T05:54:53","guid":{"rendered":"https:\/\/www.egemtv.com\/?p=32859"},"modified":"2025-06-02T08:54:59","modified_gmt":"2025-06-02T05:54:59","slug":"fethiye-kayakoyde-1i-cocuk-10-duzensiz-gocmen-yakalandi","status":"publish","type":"post","link":"https:\/\/www.egemtv.com\/?p=32859","title":{"rendered":"Fethiye Kayak\u00f6y\u2019de 1\u2019i \u00e7ocuk 10 d\u00fczensiz g\u00f6\u00e7men yakaland\u0131"},"content":{"rendered":"<p>Mu\u011fla\u2019n\u0131n Fethiye il\u00e7esinde kara \u00fczerinde tespit edilen biri \u00e7ocuk 10 d\u00fczensiz g\u00f6\u00e7men Sahil G\u00fcvenlik ve Emniyet KOM ekipleri taraf\u0131ndan yakaland\u0131.<br \/>\n<br \/>Fethiye il\u00e7esi Kayak\u00f6y mevkiinde g\u00f6revli Sahil G\u00fcvenlik Ka\u00e7ak\u00e7\u0131l\u0131k ve Organize Su\u00e7larla M\u00fccadele (KOM) Timi taraf\u0131ndan kara \u00fczerinde tespit edilen 9 d\u00fczensiz g\u00f6\u00e7men (beraberinde 1 \u00e7ocuk) yakaland\u0131.<br \/><\/p>\n","protected":false},"excerpt":{"rendered":"<p>Mu\u011fla\u2019n\u0131n Fethiye il\u00e7esinde kara \u00fczerinde tespit edilen biri \u00e7ocuk 10 d\u00fczensiz g\u00f6\u00e7men Sahil G\u00fcvenlik ve Emniyet KOM ekipleri taraf\u0131ndan yakaland\u0131. Fethiye il\u00e7esi Kayak\u00f6y mevkiinde g\u00f6revli Sahil G\u00fcvenlik Ka\u00e7ak\u00e7\u0131l\u0131k ve Organize Su\u00e7larla M\u00fccadele (KOM) Timi taraf\u0131ndan kara \u00fczerinde tespit edilen 9 d\u00fczensiz g\u00f6\u00e7men (beraberinde 1 \u00e7ocuk) yakaland\u0131.<\/p>\n","protected":false},"author":1,"featured_media":32860,"comment_status":"open","ping_status":"open","sticky":false,"template":"","format":"standard","meta":{"_crdt_document":"","footnotes":""},"categories":[5],"tags":[],"class_list":["post-32859","post","type-post","status-publish","format-standard","has-post-thumbnail","hentry","category-asayis"],"_links":{"self":[{"href":"https:\/\/www.egemtv.com\/index.php?rest_route=\/wp\/v2\/posts\/32859","targetHints":{"allow":["GET"]}}],"collection":[{"href":"https:\/\/www.egemtv.com\/index.php?rest_route=\/wp\/v2\/posts"}],"about":[{"href":"https:\/\/www.egemtv.com\/index.php?rest_route=\/wp\/v2\/types\/post"}],"author":[{"embeddable":true,"href":"https:\/\/www.egemtv.com\/index.php?rest_route=\/wp\/v2\/users\/1"}],"replies":[{"embeddable":true,"href":"https:\/\/www.egemtv.com\/index.php?rest_route=%2Fwp%2Fv2%2Fcomments&post=32859"}],"version-history":[{"count":1,"href":"https:\/\/www.egemtv.com\/index.php?rest_route=\/wp\/v2\/posts\/32859\/revisions"}],"predecessor-version":[{"id":32861,"href":"https:\/\/www.egemtv.com\/index.php?rest_route=\/wp\/v2\/posts\/32859\/revisions\/32861"}],"wp:featuredmedia":[{"embeddable":true,"href":"https:\/\/www.egemtv.com\/index.php?rest_route=\/wp\/v2\/media\/32860"}],"wp:attachment":[{"href":"https:\/\/www.egemtv.com\/index.php?rest_route=%2Fwp%2Fv2%2Fmedia&parent=32859"}],"wp:term":[{"taxonomy":"category","embeddable":true,"href":"https:\/\/www.egemtv.com\/index.php?rest_route=%2Fwp%2Fv2%2Fcategories&post=32859"},{"taxonomy":"post_tag","embeddable":true,"href":"https:\/\/www.egemtv.com\/index.php?rest_route=%2Fwp%2Fv2%2Ftags&post=32859"}],"curies":[{"name":"wp","href":"https:\/\/api.w.org\/{rel}","templated":true}]}}