{"id":32826,"date":"2025-06-01T20:38:54","date_gmt":"2025-06-01T17:38:54","guid":{"rendered":"https:\/\/www.egemtv.com\/?p=32826"},"modified":"2025-06-01T20:39:00","modified_gmt":"2025-06-01T17:39:00","slug":"beyazin-ve-turkuazin-kalbinde-nefes-kesen-mucadele-salda-golunde-sporla-doga-el-ele","status":"publish","type":"post","link":"https:\/\/www.egemtv.com\/?p=32826","title":{"rendered":"Beyaz\u0131n ve turkuaz\u0131n kalbinde nefes kesen m\u00fccadele; Salda G\u00f6l\u00fc\u2019nde sporla do\u011fa el ele"},"content":{"rendered":"<p>T\u00fcrkiye\u2019nin Maldivleri olarak bilinen, beyaz kumsallar\u0131 ve turkuaz sular\u0131yla \u00fcn kazanan Salda G\u00f6l\u00fc, bu kez sporun enerjisiyle renklendi. Do\u011faFest 2025 etkinliklerinin \u00fc\u00e7\u00fcnc\u00fc g\u00fcn\u00fcnde, g\u00f6l k\u0131y\u0131s\u0131nda triatlon, oryantring, u\u00e7urtma yar\u0131\u015f\u0131 ve plaj voleybolu gibi \u00e7e\u015fitli spor aktiviteleri ger\u00e7ekle\u015ftirildi. G\u00fcn boyu s\u00fcren yar\u0131\u015fmalar hem sporculara hem de izleyicilere unutulmaz anlar ya\u015fatt\u0131.<\/p>\n<p>Triatlonla ba\u015flad\u0131lar, Salda\u2019n\u0131n e\u015fsiz do\u011fas\u0131nda ter d\u00f6kt\u00fcler<br \/>\n<br \/>Sabah saatlerinde triatlon yar\u0131\u015fmas\u0131yla ba\u015flayan etkinliklerde, 23 sporcu start i\u015faretiyle birlikte Salda G\u00f6l\u00fc\u2019n\u00fcn serin sular\u0131na atlad\u0131. G\u00f6l i\u00e7indeki parkuru y\u00fczerek ge\u00e7en sporcular, ard\u0131ndan g\u00f6l \u00e7evresinde 12 kilometre bisiklet, son olarak da 3 kilometrelik ko\u015fu parkuruyla yar\u0131\u015fmay\u0131 tamamlad\u0131. Yar\u0131\u015fmac\u0131lar, hem performanslar\u0131yla hem de do\u011fal g\u00fczellikler e\u015fli\u011finde spor yapman\u0131n keyfiyle g\u00fcne renk katt\u0131. G\u00f6l k\u0131y\u0131s\u0131nda e\u015f zamanl\u0131 olarak d\u00fczenlenen oryantring, u\u00e7urtma yar\u0131\u015f\u0131 ve plaj voleybolu etkinlikleri ise \u00f6zellikle gen\u00e7lerin ve \u00e7ocuklar\u0131n b\u00fcy\u00fck ilgisini \u00e7ekti.<br \/>\n<br \/>Yar\u0131\u015fmalar\u0131n ard\u0131ndan d\u00fczenlenen t\u00f6rende dereceye giren sporculara madalya ve \u00f6d\u00fclleri, Burdur Valisi T\u00fclay Baydar Bilgihan, Ye\u015filova Kaymakam\u0131 Mustafa Turan, Ye\u015filova Belediye Ba\u015fkan\u0131 Okan Kurd ve Gen\u00e7lik ve Spor \u0130l M\u00fcd\u00fcr\u00fc Orhan Kemerkaya taraf\u0131ndan verildi. T\u00f6renin ard\u0131ndan sahne alan DJ e\u015fli\u011finde sporcular m\u00fczikle e\u011flendi, g\u00fcn\u00fcn yorgunlu\u011funu dansla att\u0131.<\/p>\n<p>Salda bilim, spor ve \u00e7evresel duyarl\u0131l\u0131kla an\u0131lacak<br \/>\n<br \/>Do\u011faFest kapsam\u0131ndaki yar\u0131\u015fmalar hakk\u0131nda a\u00e7\u0131klamalarda bulunan Burdur Valisi T\u00fclay Baydar Bilgihan, Salda\u2019n\u0131n bilimsel \u00f6nemine de dikkat \u00e7ekti. Bilim merkezinin \u00f6n\u00fcm\u00fczdeki s\u00fcre\u00e7te  faaliyete ge\u00e7ece\u011fini hat\u0131rlatan Baydar, &#8220;Salda\u2019da bulunan ama ayn\u0131 zamanda at\u0131l kalm\u0131\u015f alanlar\u0131m\u0131z\u0131 da de\u011ferlendirme imk\u00e2n\u0131m\u0131z olacak. Battaniye fabrikam\u0131z var, onu da yine bu vesileyle faaliyete sokmu\u015f olaca\u011f\u0131z. Salda\u2019y\u0131 \u00f6zellikle bilimle, sporla ve \u00e7evresel duyarl\u0131l\u0131kla daha \u00e7ok tan\u0131tmak, daha \u00e7ok anlatmak i\u00e7in buraday\u0131z. Bu etkinliklerimizin de in\u015fallah s\u00fcrd\u00fcr\u00fclebilirli\u011fi bizim a\u00e7\u0131m\u0131zdan son derece \u00f6nemli ama en \u00f6nemlisi bu etkinliklere sahip \u00e7\u0131kmak&#8221; dedi.<\/p>\n<p>&#8220;G\u00f6l harikayd\u0131, do\u011fa sporlar\u0131 i\u00e7in bi\u00e7ilmi\u015f kaftan&#8221;<br \/>\n<br \/>Triatlon yar\u0131\u015fmas\u0131na kat\u0131lan ve parkurun do\u011fayla uyumundan etkilendi\u011fini dile getiren H\u00fcseyin Tun\u00e7men ise,  &#8220;\u0130lk defa Salda G\u00f6l\u00fc\u2019nde b\u00f6yle bir organizasyon d\u00fczenlenece\u011fini s\u00f6ylediler. O y\u00fczden biz de destek vermeye geldik. Parkur ger\u00e7ekten triatlon yapmaya \u00e7ok m\u00fcsait. G\u00f6l harikayd\u0131. Biraz so\u011fuktu ama bu mevsimde normal diye d\u00fc\u015f\u00fcn\u00fcyorum. Ama triatlon i\u00e7in bisiklet ve ko\u015fu parkuru inan\u0131lmaz g\u00fczel&#8221; a\u00e7\u0131klamas\u0131nda bulundu.<\/p>\n<p>&#8220;Salda benim i\u00e7in art\u0131k \u00e7ok \u00f6zel bir yer&#8221;<br \/>\n<br \/>Kad\u0131nlar triatlon kategorisinde birincilik elde eden Do\u011fa Canik ise hem yar\u0131\u015ftan hem atmosferden b\u00fcy\u00fck keyif ald\u0131\u011f\u0131n\u0131 belirtti. Salda G\u00f6l\u00fc\u2019n\u00fcn kendisi i\u00e7in ayr\u0131 bir \u00f6neme sahip oldu\u011funu dile getiren Canik, &#8220;Bug\u00fcn Salda G\u00f6l\u00fc\u2019nde yar\u0131\u015ft\u0131m ve \u00e7ok keyif ald\u0131m. G\u00f6lde y\u00fczmek ba\u015fta so\u011fuk olsa da g\u00fczeldi. \u00c7al\u0131\u015faca\u011f\u0131m\u0131z bir parkurdu. Bisiklet ve ko\u015fu parkuru da \u00e7ok keyifliydi. T\u00fcrkiye\u2019nin farkl\u0131 yerlerinde yar\u0131\u015ft\u0131m ama Salda G\u00f6l\u00fc benim i\u00e7in ayr\u0131 bir yer oldu. Herkesin eme\u011fine sa\u011fl\u0131k&#8221; ifadelerini kulland\u0131.<br \/><\/p>\n","protected":false},"excerpt":{"rendered":"<p>T\u00fcrkiye\u2019nin Maldivleri olarak bilinen, beyaz kumsallar\u0131 ve turkuaz sular\u0131yla \u00fcn kazanan Salda G\u00f6l\u00fc, bu kez sporun enerjisiyle renklendi. Do\u011faFest 2025 etkinliklerinin \u00fc\u00e7\u00fcnc\u00fc g\u00fcn\u00fcnde, g\u00f6l k\u0131y\u0131s\u0131nda triatlon, oryantring, u\u00e7urtma yar\u0131\u015f\u0131 ve plaj voleybolu gibi \u00e7e\u015fitli spor aktiviteleri ger\u00e7ekle\u015ftirildi. G\u00fcn boyu s\u00fcren yar\u0131\u015fmalar hem sporculara hem de izleyicilere unutulmaz anlar ya\u015fatt\u0131. Triatlonla ba\u015flad\u0131lar, Salda\u2019n\u0131n e\u015fsiz do\u011fas\u0131nda ter&#8230;<\/p>\n","protected":false},"author":1,"featured_media":32827,"comment_status":"open","ping_status":"open","sticky":false,"template":"","format":"standard","meta":{"_crdt_document":"","footnotes":""},"categories":[4],"tags":[],"class_list":["post-32826","post","type-post","status-publish","format-standard","has-post-thumbnail","hentry","category-spor"],"_links":{"self":[{"href":"https:\/\/www.egemtv.com\/index.php?rest_route=\/wp\/v2\/posts\/32826","targetHints":{"allow":["GET"]}}],"collection":[{"href":"https:\/\/www.egemtv.com\/index.php?rest_route=\/wp\/v2\/posts"}],"about":[{"href":"https:\/\/www.egemtv.com\/index.php?rest_route=\/wp\/v2\/types\/post"}],"author":[{"embeddable":true,"href":"https:\/\/www.egemtv.com\/index.php?rest_route=\/wp\/v2\/users\/1"}],"replies":[{"embeddable":true,"href":"https:\/\/www.egemtv.com\/index.php?rest_route=%2Fwp%2Fv2%2Fcomments&post=32826"}],"version-history":[{"count":1,"href":"https:\/\/www.egemtv.com\/index.php?rest_route=\/wp\/v2\/posts\/32826\/revisions"}],"predecessor-version":[{"id":32828,"href":"https:\/\/www.egemtv.com\/index.php?rest_route=\/wp\/v2\/posts\/32826\/revisions\/32828"}],"wp:featuredmedia":[{"embeddable":true,"href":"https:\/\/www.egemtv.com\/index.php?rest_route=\/wp\/v2\/media\/32827"}],"wp:attachment":[{"href":"https:\/\/www.egemtv.com\/index.php?rest_route=%2Fwp%2Fv2%2Fmedia&parent=32826"}],"wp:term":[{"taxonomy":"category","embeddable":true,"href":"https:\/\/www.egemtv.com\/index.php?rest_route=%2Fwp%2Fv2%2Fcategories&post=32826"},{"taxonomy":"post_tag","embeddable":true,"href":"https:\/\/www.egemtv.com\/index.php?rest_route=%2Fwp%2Fv2%2Ftags&post=32826"}],"curies":[{"name":"wp","href":"https:\/\/api.w.org\/{rel}","templated":true}]}}