{"id":32823,"date":"2025-06-01T20:21:07","date_gmt":"2025-06-01T17:21:07","guid":{"rendered":"https:\/\/www.egemtv.com\/?p=32823"},"modified":"2025-06-01T20:21:11","modified_gmt":"2025-06-01T17:21:11","slug":"trendyol-super-lig-bodrum-fk-0-besiktas-3-ilk-yari","status":"publish","type":"post","link":"https:\/\/www.egemtv.com\/?p=32823","title":{"rendered":"Trendyol S\u00fcper Lig: Bodrum FK: 0 &#8211; Be\u015fikta\u015f: 3 (\u0130lk yar\u0131)"},"content":{"rendered":"<p>Trendyol S\u00fcper Lig\u2019in 38. haftas\u0131nda Bodrum FK sahas\u0131nda Be\u015fikta\u015f ile kar\u015f\u0131la\u015f\u0131yor. M\u00fccadelenin ilk yar\u0131s\u0131 siyah-beyazl\u0131 ekibin 3-0 \u00fcst\u00fcnl\u00fc\u011f\u00fc ile sona erdi.<\/p>\n<p>Ma\u00e7tan dakikalar (\u0130lk yar\u0131)<br \/>\n<br \/>12. dakikada Mu\u00e7i\u2019nin ortas\u0131nda seken topla bulu\u015fan Mustafa Hekimo\u011flu\u2019nun \u015futunda me\u015fin yuvarlak a\u011flara gitti. 0-1<br \/>\n<br \/>27. dakikada Masuaku\u2019nun kulland\u0131\u011f\u0131 serbest vuru\u015fta Paulista\u2019n\u0131n kafayla arka dire\u011fe \u00e7evirdi\u011fi topu Gedson Fernandes kafayla filelere g\u00f6nderdi. 0-2<br \/>\n<br \/>45+1. dakikada Masuaku\u2019nun soldan ceza sahas\u0131na ortas\u0131nda Mustafa Hekimo\u011flu\u2019nun \u015futunda top dire\u011fe de \u00e7arparak a\u011flarla bulu\u015ftu. 0-3<\/p>\n<p>Hakemler: Cihan Ayd\u0131n, Volkan Ahmet Narin\u00e7, Mehmet S\u0131ra\u00e7 Akp\u0131nar<br \/>\n<br \/>Bodrum FK: Diogo Sousa, Ege Bilsel, Herelle, Ajeti, Cenk \u015een, Fredy, Ahmet Aslan, Brazao, Seferi, Dimitrov, Puca<br \/>\n<br \/>Yedekler: R\u00fczgar Mehmet Ad\u0131yaman, Erkan De\u011fi\u015fmez, S\u00fcleyman \u00d6zdamar, Tunahan Akp\u0131nar, Celustka, Ali Aytemur, G\u00f6kdeniz Bayrakdar, Celal Dumanl\u0131, Bilal G\u00fcven, Enes \u00d6\u011fr\u00fcce<br \/>\n<br \/>Teknik Direkt\u00f6r: Jose Morais<br \/>\n<br \/>Be\u015fikta\u015f: Mert G\u00fcnok, Svensson, Paulista, Uduokhai, Masuaku, Hadziahmetovic, Fernandes, Mustafa Hekimo\u011flu, Joao Mario, Mu\u00e7i, Rafa Silva<br \/>\n<br \/>Yedekler: Ersin Destano\u011flu, Onur Bulut, Tayyip Sanu\u00e7, Salih U\u00e7an, Semih K\u0131l\u0131\u00e7soy, Arroyo, Yakup Arda K\u0131l\u0131\u00e7, Necip Uysal, Emirhan Top\u00e7u, Emrecan Terzi<br \/>\n<br \/>Teknik Direkt\u00f6r: Ole Gunnar Solskjaer<br \/>\n<br \/>Goller: Mustafa Hekimo\u011flu (Be\u015fikta\u015f dk. 12 ve 45+1), Gedson Fernandes (Be\u015fikta\u015f dk. 27)<br \/>\n<br \/>Sar\u0131 kart: Ajeti (Bodrum FK)<br \/><\/p>\n","protected":false},"excerpt":{"rendered":"<p>Trendyol S\u00fcper Lig\u2019in 38. haftas\u0131nda Bodrum FK sahas\u0131nda Be\u015fikta\u015f ile kar\u015f\u0131la\u015f\u0131yor. M\u00fccadelenin ilk yar\u0131s\u0131 siyah-beyazl\u0131 ekibin 3-0 \u00fcst\u00fcnl\u00fc\u011f\u00fc ile sona erdi. Ma\u00e7tan dakikalar (\u0130lk yar\u0131) 12. dakikada Mu\u00e7i\u2019nin ortas\u0131nda seken topla bulu\u015fan Mustafa Hekimo\u011flu\u2019nun \u015futunda me\u015fin yuvarlak a\u011flara gitti. 0-1 27. dakikada Masuaku\u2019nun kulland\u0131\u011f\u0131 serbest vuru\u015fta Paulista\u2019n\u0131n kafayla arka dire\u011fe \u00e7evirdi\u011fi topu Gedson Fernandes kafayla&#8230;<\/p>\n","protected":false},"author":1,"featured_media":32824,"comment_status":"open","ping_status":"open","sticky":false,"template":"","format":"standard","meta":{"_crdt_document":"","footnotes":""},"categories":[4],"tags":[],"class_list":["post-32823","post","type-post","status-publish","format-standard","has-post-thumbnail","hentry","category-spor"],"_links":{"self":[{"href":"https:\/\/www.egemtv.com\/index.php?rest_route=\/wp\/v2\/posts\/32823","targetHints":{"allow":["GET"]}}],"collection":[{"href":"https:\/\/www.egemtv.com\/index.php?rest_route=\/wp\/v2\/posts"}],"about":[{"href":"https:\/\/www.egemtv.com\/index.php?rest_route=\/wp\/v2\/types\/post"}],"author":[{"embeddable":true,"href":"https:\/\/www.egemtv.com\/index.php?rest_route=\/wp\/v2\/users\/1"}],"replies":[{"embeddable":true,"href":"https:\/\/www.egemtv.com\/index.php?rest_route=%2Fwp%2Fv2%2Fcomments&post=32823"}],"version-history":[{"count":1,"href":"https:\/\/www.egemtv.com\/index.php?rest_route=\/wp\/v2\/posts\/32823\/revisions"}],"predecessor-version":[{"id":32825,"href":"https:\/\/www.egemtv.com\/index.php?rest_route=\/wp\/v2\/posts\/32823\/revisions\/32825"}],"wp:featuredmedia":[{"embeddable":true,"href":"https:\/\/www.egemtv.com\/index.php?rest_route=\/wp\/v2\/media\/32824"}],"wp:attachment":[{"href":"https:\/\/www.egemtv.com\/index.php?rest_route=%2Fwp%2Fv2%2Fmedia&parent=32823"}],"wp:term":[{"taxonomy":"category","embeddable":true,"href":"https:\/\/www.egemtv.com\/index.php?rest_route=%2Fwp%2Fv2%2Fcategories&post=32823"},{"taxonomy":"post_tag","embeddable":true,"href":"https:\/\/www.egemtv.com\/index.php?rest_route=%2Fwp%2Fv2%2Ftags&post=32823"}],"curies":[{"name":"wp","href":"https:\/\/api.w.org\/{rel}","templated":true}]}}