{"id":32820,"date":"2025-06-01T17:38:27","date_gmt":"2025-06-01T14:38:27","guid":{"rendered":"https:\/\/www.egemtv.com\/?p=32820"},"modified":"2025-06-01T17:38:28","modified_gmt":"2025-06-01T14:38:28","slug":"kaymakam-guneyden-kurban-ve-trafik-uyarisi","status":"publish","type":"post","link":"https:\/\/www.egemtv.com\/?p=32820","title":{"rendered":"Kaymakam G\u00fcney\u2019den kurban ve trafik uyar\u0131s\u0131"},"content":{"rendered":"<p>Alia\u011fa Kaymakam\u0131 Zekeriya G\u00fcney, Kurban Bayram\u0131 \u00f6ncesi ve sonras\u0131nda il\u00e7ede al\u0131nan tedbirleri a\u00e7\u0131klad\u0131. G\u00fcney, Kurban Bayram\u0131 \u00f6ncesi ve sonras\u0131nda il\u00e7ede vatanda\u015flar\u0131n huzur ve g\u00fcven i\u00e7inde bayram\u0131 ge\u00e7irebilmesi i\u00e7in ilgili kurumlar taraf\u0131ndan kapsaml\u0131 tedbirler al\u0131nd\u0131\u011f\u0131n\u0131 bildirdi.<br \/>\n<br \/>\u0130zmir B\u00fcy\u00fck\u015fehir Belediyesi ile Alia\u011fa Belediyesin, Kurban ibadetinin sa\u011fl\u0131kl\u0131 ve hijyenik \u015fartlarda yap\u0131lmas\u0131 i\u00e7in gerekli haz\u0131rl\u0131klar\u0131 tamamlad\u0131\u011f\u0131n\u0131 belirten Kaymakam G\u00fcney, \u0130l\u00e7e Kurban Hizmetleri Komisyonu  taraf\u0131ndan belirlenen kurban kesim yerleri d\u0131\u015f\u0131nda; park, cadde, sokak, meydan ve yol gibi kamuya a\u00e7\u0131k alanlarda kesim yapanlara yasal i\u015flem uygulanaca\u011f\u0131n\u0131 s\u00f6yledi . Kaymakam G\u00fcney, kurban sat\u0131\u015f noktalar\u0131nda kurbanl\u0131k hayvanlar\u0131n belge ve sa\u011fl\u0131k kontrollerinin veteriner hekimler ve zab\u0131ta ekipleri taraf\u0131ndan titizlikle ger\u00e7ekle\u015ftirilece\u011fini vurgulad\u0131.<\/p>\n<p>G\u00fcvenlik \u00f6nlemleri ve doland\u0131r\u0131c\u0131l\u0131\u011fa kar\u015f\u0131 tedbirler<br \/>\n<br \/>Bayram \u00f6ncesinde \u00e7ar\u015f\u0131 ve pazarlarda h\u0131rs\u0131zl\u0131k ve kapka\u00e7 olaylar\u0131na kar\u015f\u0131 g\u00fcvenlik \u00f6nlemleri art\u0131r\u0131lacaklar\u0131n\u0131 a\u00e7\u0131klayan Kaymakam G\u00fcney, kurbanl\u0131k hayvan sat\u0131\u015f noktalar\u0131nda sahte para kullan\u0131m\u0131n\u0131n \u00f6nlenmesi i\u00e7in kolluk kuvvetleri gerekli tedbirleri alacak. Ayr\u0131ca, \u0130l\u00e7e Kurban Hizmetleri Komisyonu  taraf\u0131ndan belirlenen kesim alanlar\u0131 d\u0131\u015f\u0131nda \u00e7evre ve g\u00f6r\u00fcnt\u00fc kirlili\u011fine yol a\u00e7abilecek yol kenarlar\u0131, parklar, bah\u00e7eler ve dere yataklar\u0131nda kesim yap\u0131lmas\u0131n\u0131n engellenmesi i\u00e7in ilgili birimler koordineli hareket edeceklerini belirtti.<\/p>\n<p>Trafik g\u00fcvenli\u011fi i\u00e7in yo\u011fun denetim<br \/>\n<br \/>Kaymakam G\u00fcney, Kurban Bayram\u0131 boyunca Alia\u011fa\u2019da huzur ve g\u00fcven ortam\u0131n\u0131n sa\u011flanmas\u0131, trafik g\u00fcvenli\u011finin \u00fcst seviyeye \u00e7\u0131kar\u0131lmas\u0131 i\u00e7in \u0130l\u00e7e Emniyet M\u00fcd\u00fcrl\u00fc\u011f\u00fc ve \u0130l\u00e7e Jandarma Komutanl\u0131\u011f\u0131\u2019n\u0131n sorumluluk b\u00f6lgelerinde denetimlere a\u011f\u0131rl\u0131k verece\u011fini belirtti. Umuma a\u00e7\u0131k e\u011flence ve istirahat yerlerinde denetimler s\u0131kla\u015ft\u0131r\u0131lacak, devriye hizmetleri art\u0131r\u0131lacak, il\u00e7enin farkl\u0131 noktalar\u0131nda trafik ve yol kontrolleri hassasiyetle s\u00fcrd\u00fcr\u00fclecek. Kaymakam G\u00fcney, vatanda\u015flara &#8220;Trafik kurallar\u0131na uyal\u0131m, h\u0131z limitlerini a\u015fmayal\u0131m, emniyet kemerimizi takal\u0131m, ara\u00e7 kullan\u0131rken telefonla konu\u015fmayal\u0131m&#8221; \u00e7a\u011fr\u0131s\u0131nda bulundu.<\/p>\n<p>Sa\u011fl\u0131k Hizmetlerinde Kesintisiz N\u00f6bet ve Personel Planlamas\u0131<br \/>\n<br \/>\u0130l\u00e7e Sa\u011fl\u0131k M\u00fcd\u00fcrl\u00fc\u011f\u00fc, acil servis hizmetlerinin aksamamas\u0131 i\u00e7in n\u00f6bet hizmetlerini d\u00fczenledi. Sa\u011fl\u0131k birimlerinde kesintisiz hizmet verilmesi i\u00e7in personel planlamas\u0131 yap\u0131ld\u0131.<\/p>\n<p>Ormanl\u0131k alanlara giri\u015f yasa\u011f\u0131 ve cezai i\u015flemler<br \/>\n<br \/>1 Haziran 2025 \u2013 31 Ekim 2025 tarihleri aras\u0131nda il\u00e7edeki ormanl\u0131k alanlara giri\u015flerin yasak oldu\u011fu hat\u0131rlat\u0131ld\u0131. Ormanl\u0131k alanlarda piknik ve mangal yapanlara kar\u015f\u0131 yasal i\u015flem uygulanacak.<br \/>\n<br \/>A\u00e7\u0131klaman\u0131n sonunda Kaymakam Zekeriya G\u00fcney, &#8220;Yolculuk yapacak ya da trafi\u011fe \u00e7\u0131kacak vatanda\u015flar\u0131m\u0131z\u0131n trafik kurallar\u0131na azami \u00f6zen g\u00f6stermesini; kurban ibadetini yapacak vatanda\u015flar\u0131m\u0131z\u0131n ise kurbanl\u0131klara eziyet etmeden ve \u00e7evre temizli\u011fine dikkat ederek kesim yapmalar\u0131n\u0131 rica ediyorum. Aziz \u015fehitlerimizin ailelerine, gazilerimize, mesai arkada\u015flar\u0131ma, de\u011ferli Alia\u011fal\u0131 hem\u015ferilerime, milletimize ve t\u00fcm \u0130slam aleminin \u015fimdiden Kurban Bayram\u0131\u2019n\u0131 tebrik ediyor; sa\u011fl\u0131k ve mutluluk dileklerimi sunuyorum&#8221; ifadelerine yer verdi.<br \/><\/p>\n","protected":false},"excerpt":{"rendered":"<p>Alia\u011fa Kaymakam\u0131 Zekeriya G\u00fcney, Kurban Bayram\u0131 \u00f6ncesi ve sonras\u0131nda il\u00e7ede al\u0131nan tedbirleri a\u00e7\u0131klad\u0131. G\u00fcney, Kurban Bayram\u0131 \u00f6ncesi ve sonras\u0131nda il\u00e7ede vatanda\u015flar\u0131n huzur ve g\u00fcven i\u00e7inde bayram\u0131 ge\u00e7irebilmesi i\u00e7in ilgili kurumlar taraf\u0131ndan kapsaml\u0131 tedbirler al\u0131nd\u0131\u011f\u0131n\u0131 bildirdi. \u0130zmir B\u00fcy\u00fck\u015fehir Belediyesi ile Alia\u011fa Belediyesin, Kurban ibadetinin sa\u011fl\u0131kl\u0131 ve hijyenik \u015fartlarda yap\u0131lmas\u0131 i\u00e7in gerekli haz\u0131rl\u0131klar\u0131 tamamlad\u0131\u011f\u0131n\u0131 belirten Kaymakam G\u00fcney,&#8230;<\/p>\n","protected":false},"author":1,"featured_media":32821,"comment_status":"open","ping_status":"open","sticky":false,"template":"","format":"standard","meta":{"_crdt_document":"","footnotes":""},"categories":[1],"tags":[],"class_list":["post-32820","post","type-post","status-publish","format-standard","has-post-thumbnail","hentry","category-guncel"],"_links":{"self":[{"href":"https:\/\/www.egemtv.com\/index.php?rest_route=\/wp\/v2\/posts\/32820","targetHints":{"allow":["GET"]}}],"collection":[{"href":"https:\/\/www.egemtv.com\/index.php?rest_route=\/wp\/v2\/posts"}],"about":[{"href":"https:\/\/www.egemtv.com\/index.php?rest_route=\/wp\/v2\/types\/post"}],"author":[{"embeddable":true,"href":"https:\/\/www.egemtv.com\/index.php?rest_route=\/wp\/v2\/users\/1"}],"replies":[{"embeddable":true,"href":"https:\/\/www.egemtv.com\/index.php?rest_route=%2Fwp%2Fv2%2Fcomments&post=32820"}],"version-history":[{"count":1,"href":"https:\/\/www.egemtv.com\/index.php?rest_route=\/wp\/v2\/posts\/32820\/revisions"}],"predecessor-version":[{"id":32822,"href":"https:\/\/www.egemtv.com\/index.php?rest_route=\/wp\/v2\/posts\/32820\/revisions\/32822"}],"wp:featuredmedia":[{"embeddable":true,"href":"https:\/\/www.egemtv.com\/index.php?rest_route=\/wp\/v2\/media\/32821"}],"wp:attachment":[{"href":"https:\/\/www.egemtv.com\/index.php?rest_route=%2Fwp%2Fv2%2Fmedia&parent=32820"}],"wp:term":[{"taxonomy":"category","embeddable":true,"href":"https:\/\/www.egemtv.com\/index.php?rest_route=%2Fwp%2Fv2%2Fcategories&post=32820"},{"taxonomy":"post_tag","embeddable":true,"href":"https:\/\/www.egemtv.com\/index.php?rest_route=%2Fwp%2Fv2%2Ftags&post=32820"}],"curies":[{"name":"wp","href":"https:\/\/api.w.org\/{rel}","templated":true}]}}