{"id":32817,"date":"2025-06-01T17:38:22","date_gmt":"2025-06-01T14:38:22","guid":{"rendered":"https:\/\/www.egemtv.com\/?p=32817"},"modified":"2025-06-01T17:38:26","modified_gmt":"2025-06-01T14:38:26","slug":"izmir-buyuksehir-belediyesindeki-grev-nedeniyle-copler-sokaklara-tasti","status":"publish","type":"post","link":"https:\/\/www.egemtv.com\/?p=32817","title":{"rendered":"\u0130zmir B\u00fcy\u00fck\u015fehir Belediyesi\u2019ndeki grev nedeniyle \u00e7\u00f6pler sokaklara ta\u015ft\u0131"},"content":{"rendered":"<p>\u0130zmir B\u00fcy\u00fck\u015fehir Belediyesi\u2019ne ba\u011fl\u0131 i\u015ftiraklerde \u00e7al\u0131\u015fan i\u015f\u00e7ilerin i\u015f b\u0131rakma eylemi nedeniyle Alsancak, K\u0131br\u0131s \u015eehitleri Caddesi ve Kordon\u2019da \u00e7\u00f6pler yollara ta\u015ft\u0131.<br \/>\n<br \/>\u0130zmir B\u00fcy\u00fck\u015fehir Belediyesi ile D\u0130SK Genel-\u0130\u015f aras\u0131nda 23 bin \u00e7al\u0131\u015fan\u0131 ilgilendiren toplu i\u015f s\u00f6zle\u015fmesi g\u00f6r\u00fc\u015fmeleri t\u0131kan\u0131nca, \u0130ZELMAN, \u0130ZENERJ\u0130 ve Ege\u015fehir\u2019de \u00e7al\u0131\u015fan binlerce i\u015f\u00e7i 29 May\u0131s g\u00fcn\u00fc greve gitti. Ba\u015fta ula\u015f\u0131m olmak \u00fczere bir\u00e7ok hizmetin durma noktas\u0131na geldi. \u00c7\u00f6plerin toplanmamas\u0131 nedeniyle sokaklarda k\u00f6t\u00fc kokuya neden olan \u00e7\u00f6p y\u0131\u011f\u0131nlar\u0131 olu\u015ftu ve biriken at\u0131klar kald\u0131r\u0131m ile sokaklarda birikti.<br \/>\n<br \/>Belediye hizmetlerinin durmas\u0131ndan rahats\u0131z oldu\u011funu belirten K\u0131br\u0131s \u015eehitleri Caddesi esnaf\u0131 Fesih G\u00fcndem, &#8220;Alsancak K\u0131br\u0131s \u015eehitler Caddesi\u2019ne d\u00fcnyan\u0131n her yerinden turist geliyor, insanlar buraya ak\u0131n ediyor. Bu caddenin bu halde olmas\u0131 sadece Alsancak\u2019\u0131 ya da \u0130zmir\u2019i de\u011fil, b\u00fct\u00fcn T\u00fcrkiye\u2019yi rezil ediyor. Diyelim ki belediyedeki \u00e7al\u0131\u015fanlar\u0131n yar\u0131s\u0131ndan fazlas\u0131 torpille i\u015fe al\u0131nm\u0131\u015f, belediye ba\u015fkan\u0131 da \u00e7\u0131k\u0131p &#8220;Torpille ald\u0131klar\u0131m\u0131 i\u015ften \u00e7\u0131kar\u0131yorum&#8221; demi\u015f olsun; ertesi g\u00fcn ortada grev kalmaz. \u00c7\u00fcnk\u00fc bu d\u00fczenin temeli zaten torpile dayan\u0131yor. O y\u00fczden belediye ba\u015fkan\u0131na tavsiyem, ge\u00e7mi\u015f d\u00f6nemde torpille i\u015fe al\u0131nanlar\u0131n hepsini i\u015ften \u00e7\u0131karmas\u0131d\u0131r, o zaman bu grev diye bir \u015fey kalmaz. Bir de \u00e7\u00f6pe de\u011finmek istiyorum; \u00e7\u00f6p var, koku var, yar\u0131n fare \u00e7\u0131kar, hastal\u0131k ba\u015flar. Az \u00f6nce buraya geldim, kokudan duramad\u0131m. \u0130nsanlar restoranlarda \u00e7\u00f6p kokusunun \u00f6n\u00fcnde yemek yiyor, yaz\u0131k bu insanlara. Bir an \u00f6nce bir \u00e7\u00f6z\u00fcm bulsunlar ve bu grevi sonland\u0131rs\u0131nlar&#8221; dedi.<\/p>\n<p>&#8220;Hastal\u0131k tehlikesi var&#8221;<br \/>\n<br \/>K\u0131br\u0131s \u015eehitleri Caddesi\u2019ndeki bir ba\u015fka esnaf Ahmet Erduraklar ise &#8220;Talebimiz \u015fu anda bunlar\u0131n de\u011fi\u015fmesi, yani bu \u015fekilde devam edemez. Burada \u00e7oluk \u00e7ocu\u011fumuz var bizim. \u00c7ocu\u011fumu soka\u011fa \u00e7\u0131karam\u0131yorum \u015fu anda. Ya Allah korusun, sinek \u0131s\u0131rsa, mikroplu b\u00f6cek \u0131s\u0131rsa, ya \u00e7ocu\u011fum hastalanacak. Hepatit A\u2019s\u0131, Hepatit B\u2019si, C\u2019si&#8230; Bunlarla m\u0131 u\u011fra\u015faca\u011f\u0131z? Biz bile soka\u011fa \u00e7\u0131k\u0131nca mikrop kapaca\u011f\u0131z. \u00c7ok zor durumday\u0131z yani. Yemek yesek, yiyemiyoruz. Yani bu konuya el at\u0131lmas\u0131n\u0131 istiyorum. En az\u0131ndan ufak bir yard\u0131m etse, bu b\u00f6yle olmaz. Hep beraber toplar\u0131z bunu bir \u015fekilde. Ba\u015fkan\u0131m\u0131z\u0131n bize yard\u0131m etmesi laz\u0131m. Ona \u00e7ok de\u011fer veriyoruz, \u00e7ok seviyoruz. Ondan destek bekliyoruz. Yak\u0131nda fareler basabilir buray\u0131. Ortal\u0131k \u00e7ok kar\u0131\u015f\u0131k. Hastal\u0131k kayn\u0131yor. Soka\u011fa \u00e7\u0131karken bile mikrop kapar m\u0131y\u0131m diye \u015f\u00fcpheleniyoruz. \u0130nsanlar yemek bile yemiyor burada. Her yerde mikrop kapacak yani, zor durumday\u0131z&#8221; ifadelerini kulland\u0131.<br \/><\/p>\n","protected":false},"excerpt":{"rendered":"<p>\u0130zmir B\u00fcy\u00fck\u015fehir Belediyesi\u2019ne ba\u011fl\u0131 i\u015ftiraklerde \u00e7al\u0131\u015fan i\u015f\u00e7ilerin i\u015f b\u0131rakma eylemi nedeniyle Alsancak, K\u0131br\u0131s \u015eehitleri Caddesi ve Kordon\u2019da \u00e7\u00f6pler yollara ta\u015ft\u0131. \u0130zmir B\u00fcy\u00fck\u015fehir Belediyesi ile D\u0130SK Genel-\u0130\u015f aras\u0131nda 23 bin \u00e7al\u0131\u015fan\u0131 ilgilendiren toplu i\u015f s\u00f6zle\u015fmesi g\u00f6r\u00fc\u015fmeleri t\u0131kan\u0131nca, \u0130ZELMAN, \u0130ZENERJ\u0130 ve Ege\u015fehir\u2019de \u00e7al\u0131\u015fan binlerce i\u015f\u00e7i 29 May\u0131s g\u00fcn\u00fc greve gitti. Ba\u015fta ula\u015f\u0131m olmak \u00fczere bir\u00e7ok hizmetin durma&#8230;<\/p>\n","protected":false},"author":1,"featured_media":32818,"comment_status":"open","ping_status":"open","sticky":false,"template":"","format":"standard","meta":{"_crdt_document":"","footnotes":""},"categories":[1],"tags":[],"class_list":["post-32817","post","type-post","status-publish","format-standard","has-post-thumbnail","hentry","category-guncel"],"_links":{"self":[{"href":"https:\/\/www.egemtv.com\/index.php?rest_route=\/wp\/v2\/posts\/32817","targetHints":{"allow":["GET"]}}],"collection":[{"href":"https:\/\/www.egemtv.com\/index.php?rest_route=\/wp\/v2\/posts"}],"about":[{"href":"https:\/\/www.egemtv.com\/index.php?rest_route=\/wp\/v2\/types\/post"}],"author":[{"embeddable":true,"href":"https:\/\/www.egemtv.com\/index.php?rest_route=\/wp\/v2\/users\/1"}],"replies":[{"embeddable":true,"href":"https:\/\/www.egemtv.com\/index.php?rest_route=%2Fwp%2Fv2%2Fcomments&post=32817"}],"version-history":[{"count":1,"href":"https:\/\/www.egemtv.com\/index.php?rest_route=\/wp\/v2\/posts\/32817\/revisions"}],"predecessor-version":[{"id":32819,"href":"https:\/\/www.egemtv.com\/index.php?rest_route=\/wp\/v2\/posts\/32817\/revisions\/32819"}],"wp:featuredmedia":[{"embeddable":true,"href":"https:\/\/www.egemtv.com\/index.php?rest_route=\/wp\/v2\/media\/32818"}],"wp:attachment":[{"href":"https:\/\/www.egemtv.com\/index.php?rest_route=%2Fwp%2Fv2%2Fmedia&parent=32817"}],"wp:term":[{"taxonomy":"category","embeddable":true,"href":"https:\/\/www.egemtv.com\/index.php?rest_route=%2Fwp%2Fv2%2Fcategories&post=32817"},{"taxonomy":"post_tag","embeddable":true,"href":"https:\/\/www.egemtv.com\/index.php?rest_route=%2Fwp%2Fv2%2Ftags&post=32817"}],"curies":[{"name":"wp","href":"https:\/\/api.w.org\/{rel}","templated":true}]}}