{"id":32634,"date":"2025-05-31T13:37:01","date_gmt":"2025-05-31T10:37:01","guid":{"rendered":"https:\/\/www.egemtv.com\/?p=32634"},"modified":"2025-05-31T13:37:03","modified_gmt":"2025-05-31T10:37:03","slug":"gedizde-fetih-coskusu-genclerle-yasandi","status":"publish","type":"post","link":"https:\/\/www.egemtv.com\/?p=32634","title":{"rendered":"Gediz\u2019de fetih co\u015fkusu gen\u00e7lerle ya\u015fand\u0131"},"content":{"rendered":"<p>K\u00fctahya\u2019n\u0131n Gediz il\u00e7esinde, M\u00fcft\u00fcl\u00fck Gen\u00e7lik Koordinat\u00f6rl\u00fc\u011f\u00fc, \u0130l\u00e7e Milli E\u011fitim M\u00fcd\u00fcrl\u00fc\u011f\u00fc ve \u0130l\u00e7e Gen\u00e7lik ve Spor M\u00fcd\u00fcrl\u00fc\u011f\u00fc i\u015fbirli\u011fiyle \u0130l\u00e7e Stadyumu\u2019nda &#8220;Fetih \u015eenli\u011fi Gen\u00e7lik Bulu\u015fmas\u0131&#8221; d\u00fczenlendi.<br \/>\n<br \/>\u0130stanbul\u2019un Fethinin y\u0131l d\u00f6n\u00fcm\u00fc vesilesiyle ger\u00e7ekle\u015ftirilen etkinlik, minik mehteranlar\u0131n co\u015fkulu g\u00f6sterisiyle ba\u015flad\u0131. \u0130zleyicilerden b\u00fcy\u00fck alk\u0131\u015f alan minik mehteranlar, \u015fenli\u011fe renk katt\u0131.<br \/>\n<br \/>Gediz \u0130l\u00e7e M\u00fcft\u00fcs\u00fc Sebahattin Turan yapt\u0131\u011f\u0131 selamlama konu\u015fmas\u0131nda, &#8220;\u0130stanbul\u2019un Fethinin seneidevriyesi m\u00fcnasebetiyle d\u00fczenlenen etkinlikte gen\u00e7lerimizle ve \u00e7ocuklar\u0131m\u0131zla bir araya gelmekten mutluluk duyduk. \u0130stanbul\u2019un Fethi s\u0131radan bir fetih de\u011fildir. Peygamberimizin \u00f6vg\u00fcs\u00fcne mazhar olmu\u015f Fatih Sultan Mehmet\u2019in g\u00f6stermi\u015f oldu\u011fu inan\u00e7 azim ve gayreti bizler i\u00e7in \u00e7ok b\u00fcy\u00fck \u00f6rnektir. Rabbim Fatih Sultan Mehmet Han gibi inan\u00e7l\u0131, azimli, gayretli ve vatan millet sevdal\u0131s\u0131 gen\u00e7lerimizin say\u0131lar\u0131n\u0131 art\u0131rs\u0131n&#8221; ifadelerini kulland\u0131.<br \/>\n<br \/>\u015eenli\u011fin devam\u0131nda, 15 Temmuz Kur\u2019an kursu haf\u0131zlar\u0131, ba\u015fta Fatih Sultan Mehmet olmak \u00fczere t\u00fcm \u015fehitlerin ruhlar\u0131na ithafen Fetih Suresi\u2019ni okudu.<br \/>\n<br \/>Etkinlikte g\u00f6ky\u00fcz\u00fc birbirinden renkli u\u00e7urtmalarla \u015fenlendi. D\u00fczenlenen u\u00e7urtma yar\u0131\u015fmas\u0131nda en uza\u011fa u\u00e7an ve en g\u00fczel tasar\u0131ma sahip u\u00e7urtmalar\u0131n sahiplerine \u00f6d\u00fcller takdim edildi.<br \/><\/p>\n","protected":false},"excerpt":{"rendered":"<p>K\u00fctahya\u2019n\u0131n Gediz il\u00e7esinde, M\u00fcft\u00fcl\u00fck Gen\u00e7lik Koordinat\u00f6rl\u00fc\u011f\u00fc, \u0130l\u00e7e Milli E\u011fitim M\u00fcd\u00fcrl\u00fc\u011f\u00fc ve \u0130l\u00e7e Gen\u00e7lik ve Spor M\u00fcd\u00fcrl\u00fc\u011f\u00fc i\u015fbirli\u011fiyle \u0130l\u00e7e Stadyumu\u2019nda &#8220;Fetih \u015eenli\u011fi Gen\u00e7lik Bulu\u015fmas\u0131&#8221; d\u00fczenlendi. \u0130stanbul\u2019un Fethinin y\u0131l d\u00f6n\u00fcm\u00fc vesilesiyle ger\u00e7ekle\u015ftirilen etkinlik, minik mehteranlar\u0131n co\u015fkulu g\u00f6sterisiyle ba\u015flad\u0131. \u0130zleyicilerden b\u00fcy\u00fck alk\u0131\u015f alan minik mehteranlar, \u015fenli\u011fe renk katt\u0131. Gediz \u0130l\u00e7e M\u00fcft\u00fcs\u00fc Sebahattin Turan yapt\u0131\u011f\u0131 selamlama konu\u015fmas\u0131nda, &#8220;\u0130stanbul\u2019un Fethinin&#8230;<\/p>\n","protected":false},"author":1,"featured_media":32635,"comment_status":"open","ping_status":"open","sticky":false,"template":"","format":"standard","meta":{"_crdt_document":"","footnotes":""},"categories":[123],"tags":[],"class_list":["post-32634","post","type-post","status-publish","format-standard","has-post-thumbnail","hentry","category-gundem"],"_links":{"self":[{"href":"https:\/\/www.egemtv.com\/index.php?rest_route=\/wp\/v2\/posts\/32634","targetHints":{"allow":["GET"]}}],"collection":[{"href":"https:\/\/www.egemtv.com\/index.php?rest_route=\/wp\/v2\/posts"}],"about":[{"href":"https:\/\/www.egemtv.com\/index.php?rest_route=\/wp\/v2\/types\/post"}],"author":[{"embeddable":true,"href":"https:\/\/www.egemtv.com\/index.php?rest_route=\/wp\/v2\/users\/1"}],"replies":[{"embeddable":true,"href":"https:\/\/www.egemtv.com\/index.php?rest_route=%2Fwp%2Fv2%2Fcomments&post=32634"}],"version-history":[{"count":1,"href":"https:\/\/www.egemtv.com\/index.php?rest_route=\/wp\/v2\/posts\/32634\/revisions"}],"predecessor-version":[{"id":32636,"href":"https:\/\/www.egemtv.com\/index.php?rest_route=\/wp\/v2\/posts\/32634\/revisions\/32636"}],"wp:featuredmedia":[{"embeddable":true,"href":"https:\/\/www.egemtv.com\/index.php?rest_route=\/wp\/v2\/media\/32635"}],"wp:attachment":[{"href":"https:\/\/www.egemtv.com\/index.php?rest_route=%2Fwp%2Fv2%2Fmedia&parent=32634"}],"wp:term":[{"taxonomy":"category","embeddable":true,"href":"https:\/\/www.egemtv.com\/index.php?rest_route=%2Fwp%2Fv2%2Fcategories&post=32634"},{"taxonomy":"post_tag","embeddable":true,"href":"https:\/\/www.egemtv.com\/index.php?rest_route=%2Fwp%2Fv2%2Ftags&post=32634"}],"curies":[{"name":"wp","href":"https:\/\/api.w.org\/{rel}","templated":true}]}}