{"id":32625,"date":"2025-05-31T13:17:27","date_gmt":"2025-05-31T10:17:27","guid":{"rendered":"https:\/\/www.egemtv.com\/?p=32625"},"modified":"2025-05-31T13:17:30","modified_gmt":"2025-05-31T10:17:30","slug":"dogal-sivrisinek-kovar-feslegenler-yogun-ilgi-gordu","status":"publish","type":"post","link":"https:\/\/www.egemtv.com\/?p=32625","title":{"rendered":"Do\u011fal sivrisinek kovar fesle\u011fenler yo\u011fun ilgi g\u00f6rd\u00fc"},"content":{"rendered":"<p>Buharkent Belediye Ba\u015fkan\u0131 Mehmet Erol\u2019un, da\u011f\u0131tt\u0131\u011f\u0131 ve do\u011fal sivrisinek kovar olarak bilinen fesle\u011fenler, vatanda\u015flar taraf\u0131ndan yo\u011fun ilgi g\u00f6rd\u00fc.<br \/>\n<br \/>Etrafa yayd\u0131\u011f\u0131 ho\u015f kokusunun yan\u0131 s\u0131ra do\u011fal sivrisinek kovar olarak bilinen fesle\u011fene olan ilgi havalar\u0131n \u0131s\u0131nmas\u0131yla birlikte daha da artt\u0131. Fesle\u011fen kokusundan ho\u015flanmad\u0131\u011f\u0131 bilinen sivrisineklerden korunmak isteyen vatanda\u015flar, do\u011fal y\u00f6ntemleri tercih ederken, Buharkent Belediye Ba\u015fkan\u0131 Mehmet Erol da, her y\u0131l geleneksel hale getirdi\u011fi fesle\u011fen da\u011f\u0131t\u0131m\u0131n\u0131 bu y\u0131l da ger\u00e7ekle\u015ftirdi. Fesle\u011fen da\u011f\u0131t\u0131m etkinli\u011fine Buharkentli vatanda\u015flar yo\u011fun ilgi g\u00f6sterirken, da\u011f\u0131t\u0131lan fideleri alan vatanda\u015flar Ba\u015fkan Erol\u2019a te\u015fekk\u00fcr etti.<br \/>\n<br \/>Pazar yerinde da\u011f\u0131t\u0131m\u0131 yap\u0131lan fesle\u011fenleri almak isteyen vatanda\u015flar, stant \u00f6n\u00fcnde uzun kuyruklar olu\u015ftururken, kimi vatanda\u015f kokusu i\u00e7in kimileri ise sivrisineklerden korunmak i\u00e7in fesle\u011fenleri ald\u0131\u011f\u0131n\u0131 s\u00f6yledi. Konu ile ilgili sosyal medya hesab\u0131ndan payla\u015f\u0131m yapan Ba\u015fkan Erol ise a\u00e7\u0131klamas\u0131nda &#8220;Buharkent Belediyesi olarak her y\u0131l geleneksel hale getirdi\u011fimiz, Park ve Bah\u00e7eler birimimiz taraf\u0131ndan \u00f6zenle yeti\u015ftirilen 5 bin adet fesle\u011fen fidan\u0131n\u0131n da\u011f\u0131t\u0131m\u0131n\u0131 \u0130l\u00e7e Ba\u015fkan\u0131m\u0131z Ali Bal\u0131k\u00e7\u0131 ve te\u015fkilat\u0131m\u0131zla birlikte ger\u00e7ekle\u015ftirdik. Daha g\u00fczel, daha ye\u015fil bir Buharkent i\u00e7in \u00e7al\u0131\u015fmaya devam&#8221; ifadelerine yer verdi.<br \/><\/p>\n","protected":false},"excerpt":{"rendered":"<p>Buharkent Belediye Ba\u015fkan\u0131 Mehmet Erol\u2019un, da\u011f\u0131tt\u0131\u011f\u0131 ve do\u011fal sivrisinek kovar olarak bilinen fesle\u011fenler, vatanda\u015flar taraf\u0131ndan yo\u011fun ilgi g\u00f6rd\u00fc. Etrafa yayd\u0131\u011f\u0131 ho\u015f kokusunun yan\u0131 s\u0131ra do\u011fal sivrisinek kovar olarak bilinen fesle\u011fene olan ilgi havalar\u0131n \u0131s\u0131nmas\u0131yla birlikte daha da artt\u0131. Fesle\u011fen kokusundan ho\u015flanmad\u0131\u011f\u0131 bilinen sivrisineklerden korunmak isteyen vatanda\u015flar, do\u011fal y\u00f6ntemleri tercih ederken, Buharkent Belediye Ba\u015fkan\u0131 Mehmet Erol&#8230;<\/p>\n","protected":false},"author":1,"featured_media":32626,"comment_status":"open","ping_status":"open","sticky":false,"template":"","format":"standard","meta":{"_crdt_document":"","footnotes":""},"categories":[1],"tags":[],"class_list":["post-32625","post","type-post","status-publish","format-standard","has-post-thumbnail","hentry","category-guncel"],"_links":{"self":[{"href":"https:\/\/www.egemtv.com\/index.php?rest_route=\/wp\/v2\/posts\/32625","targetHints":{"allow":["GET"]}}],"collection":[{"href":"https:\/\/www.egemtv.com\/index.php?rest_route=\/wp\/v2\/posts"}],"about":[{"href":"https:\/\/www.egemtv.com\/index.php?rest_route=\/wp\/v2\/types\/post"}],"author":[{"embeddable":true,"href":"https:\/\/www.egemtv.com\/index.php?rest_route=\/wp\/v2\/users\/1"}],"replies":[{"embeddable":true,"href":"https:\/\/www.egemtv.com\/index.php?rest_route=%2Fwp%2Fv2%2Fcomments&post=32625"}],"version-history":[{"count":1,"href":"https:\/\/www.egemtv.com\/index.php?rest_route=\/wp\/v2\/posts\/32625\/revisions"}],"predecessor-version":[{"id":32627,"href":"https:\/\/www.egemtv.com\/index.php?rest_route=\/wp\/v2\/posts\/32625\/revisions\/32627"}],"wp:featuredmedia":[{"embeddable":true,"href":"https:\/\/www.egemtv.com\/index.php?rest_route=\/wp\/v2\/media\/32626"}],"wp:attachment":[{"href":"https:\/\/www.egemtv.com\/index.php?rest_route=%2Fwp%2Fv2%2Fmedia&parent=32625"}],"wp:term":[{"taxonomy":"category","embeddable":true,"href":"https:\/\/www.egemtv.com\/index.php?rest_route=%2Fwp%2Fv2%2Fcategories&post=32625"},{"taxonomy":"post_tag","embeddable":true,"href":"https:\/\/www.egemtv.com\/index.php?rest_route=%2Fwp%2Fv2%2Ftags&post=32625"}],"curies":[{"name":"wp","href":"https:\/\/api.w.org\/{rel}","templated":true}]}}